{"id":39642,"date":"2019-06-09T16:48:04","date_gmt":"2019-06-09T20:48:04","guid":{"rendered":"https:\/\/linitiative.ca\/International\/liberte-responsabilite\/"},"modified":"2019-06-09T16:48:04","modified_gmt":"2019-06-09T20:48:04","slug":"liberte-responsabilite","status":"publish","type":"post","link":"https:\/\/linitiative.ca\/International\/liberte-responsabilite\/","title":{"rendered":"Libert\u00e9, responsabilit\u00e9 !"},"content":{"rendered":"<div class=\"td-post-featured-image\"><a href=\"https:\/\/i2.wp.com\/www.sidwaya.info\/wp-content\/uploads\/2019\/06\/DG.jpg?fit=738%2C531&#038;ssl=1\" data-caption=\"\"><img loading=\"lazy\" decoding=\"async\" width=\"696\" height=\"501\" class=\"entry-thumb td-modal-image\" src=\"https:\/\/i2.wp.com\/www.sidwaya.info\/wp-content\/uploads\/2019\/06\/DG.jpg?resize=696%2C501&#038;ssl=1\" srcset=\"https:\/\/i2.wp.com\/www.sidwaya.info\/wp-content\/uploads\/2019\/06\/DG.jpg?w=738&#038;ssl=1 738w, https:\/\/i2.wp.com\/www.sidwaya.info\/wp-content\/uploads\/2019\/06\/DG.jpg?resize=300%2C216&#038;ssl=1 300w, https:\/\/i2.wp.com\/www.sidwaya.info\/wp-content\/uploads\/2019\/06\/DG.jpg?resize=696%2C501&#038;ssl=1 696w, https:\/\/i2.wp.com\/www.sidwaya.info\/wp-content\/uploads\/2019\/06\/DG.jpg?resize=584%2C420&#038;ssl=1 584w\" sizes=\"auto, (max-width: 696px) 100vw, 696px\" alt=\"\" title=\"DG\"\/><\/a><\/div>\n<div class=\"td-a-rec td-a-rec-id-content_top td_uid_30_5cfd7da681ac7_rand td_block_template_1\"><img loading=\"lazy\" decoding=\"async\" class=\"aligncenter size-full wp-image-4463\" src=\"https:\/\/www.sidwaya.info\/wp-content\/uploads\/2019\/02\/FESPACO-TOUR-2019-Bannie%CC%80re-728x90-1.jpg\" alt=\"\" width=\"728\" height=\"90\"\/><\/div>\n<p>Le gouvernement a adopt\u00e9 jeudi dernier, en Conseil des ministres, un projet de loi portant modification de la loi n\u00b025-2018\/AN du 31 mai 2018 portant Code p\u00e9nal. Un an, presque jour pour jour apr\u00e8s sa derni\u00e8re modification, le Code p\u00e9nal est de nouveau devant la repr\u00e9sentation nationale \u00abpour actualisation\u00bb. En vue notamment \u00abde renforcer la lutte contre le grand banditisme, de consolider les moyens d\u2019action des forces de d\u00e9fense et de s\u00e9curit\u00e9 contre certaines publications qui peuvent saper l\u2019efficacit\u00e9 de leurs interventions\u2026 et de prot\u00e9ger l\u2019honneur et la dignit\u00e9 des victimes de certains crimes et d\u00e9lits\u00bb.<\/p>\n<p>Il n\u2019en fallait pas plus pour susciter la r\u00e9probation d\u2019une partie de la blogosph\u00e8re qui crie \u00e0 une volont\u00e9 suppos\u00e9e de \u00abmus\u00e8lement\u00bb d\u2019activistes et autres lanceurs d\u2019alertes; ce, avant m\u00eame que le contenu de la nouvelle proposition de disposition l\u00e9gale ne soit rendu public. Les d\u00e9bats que cette nouvelle modification va soulever, porteront probablement sur cette tendance \u00e0 l\u00e9gif\u00e9rer sur les pr\u00e9occupations de l\u2019heure l\u00e0 o\u00f9 la pr\u00e9cipitation et l\u2019agitation du quotidien l\u2019emportent. Une d\u00e9marche qui pourrait exposer l\u2019ex\u00e9cutif \u00e0 devoir, en permanence, revoir sa copie face \u00e0 une situation \u00e9volutive, qu\u2019il faut aussi codifier avec la m\u00eame r\u00e9gularit\u00e9. La m\u00eame d\u00e9marche, en plus de donner plus d\u2019importance qu\u2019il n\u2019y para\u00eet \u00e0 certains leaders d\u2019opinion, manque de renvoyer certains acteurs \u00e0 leurs responsabilit\u00e9s. En effet, dans la vie comme sur les r\u00e9seaux sociaux, \u00ab c\u2019est toujours le chien de la famille qui apporte l\u2019os \u00e0 ses cong\u00e9n\u00e8res de dehors \u00bb.<\/p>\n<p>Et contre cette donne, la loi n\u2019y fera pas grand-chose, \u00e0 d\u00e9faut d\u2019une discipline interne rigoureuse en mati\u00e8re de gestion de toutes les donn\u00e9es sensibles. Cet appel \u00e0 la responsabilit\u00e9 implique \u00e9galement une volont\u00e9 d\u2019aller devant les juridictions comp\u00e9tentes, d\u2019\u00e9tayer le pr\u00e9judice quelle que soit sa nature et auquel, aucun juge ne saurait rester insensible. Face au tenant du vide juridique, il faut bien rappeler que les dispositions classiques sont op\u00e9rantes. A l\u2019image du Pacte international relatif aux droits civils et politiques qui stipule en son article 19 que \u00abNul ne peut \u00eatre inqui\u00e9t\u00e9\u0301 pour ses opinions. Toute personne a droit a\u0300 la libert\u00e9\u0301 d\u2019expression; ce droit comprend la libert\u00e9\u0301 de rechercher, de recevoir et de r\u00e9pandre des informations et des id\u00e9es de toute esp\u00e8ce, sans consid\u00e9ration de fronti\u00e8res, sous une forme orale, \u00e9crite, imprim\u00e9e ou artistique, ou par tout autre moyen de son choix\u00bb. Du moins, dans le respect des \u00abdevoirs sp\u00e9ciaux et des responsabilit\u00e9s sp\u00e9ciales\u00bb prescrits dans le m\u00eame article : respect des droits ou de la r\u00e9putation d\u2019autrui, sauvegarde de la s\u00e9curit\u00e9\u0301 nationale, de l\u2019ordre public, de la sante\u0301 ou de la moralit\u00e9\u0301 publique.<\/p>\n<p>De ce point de vue, la d\u00e9marche compr\u00e9hensible, voire pr\u00e9ventive, s\u2019inscrit dans un contexte international favorable \u00e0 la \u00abresponsabilisation\u00bb des r\u00e9seaux sociaux et de la r\u00e9gulation de certains de leurs contenus, en les frappant notamment au portefeuille. Au Burkina Faso, la d\u00e9cision tendant \u00e0 r\u00e9guler certaines publications sur les m\u00e9dias sociaux traduit l\u2019inclination actuelle des Burkinab\u00e8 \u00e0 prendre des libert\u00e9s avec la libert\u00e9, au risque \u201cd\u2019assassiner \u201c celles-ci. Ainsi faut-il comprendre ces nombreux actes de d\u00e9fiance de l\u2019autorit\u00e9 de l\u2019\u00c9tat (bilan et contre-bilans du drame de Yirgou, images choquantes) et ces \u00e9crits malveillants sur les r\u00e9seaux sociaux qui sont souvent attentatoires \u00e0 la vie priv\u00e9e. Pr\u00e9venir valant mieux que gu\u00e9rir, il faut vite mettre des garde-fous car, au regard du faible niveau d\u2019\u00e9ducation des masses, on pourra atteindre la \u201crupture sociale\u201d. Le r\u00f4le des gouvernants conscients et cons\u00e9quents est de pr\u00e9venir par la promotion d\u2019une utilisation saine et constructive, la lutte contre la d\u00e9sinformation sur le leader mondial des r\u00e9seaux qui comptabilise un million d\u2019utilisateurs actifs au Burkina Faso.<\/p>\n<p class=\"c1\"><strong>Mahamadi TIEGNA<\/strong><\/p>\n<div class=\"td-a-rec td-a-rec-id-content_bottom td_uid_31_5cfd7da681c53_rand td_block_template_1\"><img loading=\"lazy\" decoding=\"async\" class=\"alignright size-full wp-image-1724\" src=\"https:\/\/www.sidwaya.info\/wp-content\/uploads\/2018\/12\/sidwaya-pub.jpg\" alt=\"\" width=\"720\" height=\"90\"\/><\/div>\n<p>Auteur: DD. Sidwaya<br \/>\n<a href=\"https:\/\/www.sidwaya.info\/blog\/2019\/06\/09\/liberte-responsabilite\/\">Cliquez ici pour lire l&rsquo;article depuis sa source.<\/a><\/p>\n","protected":false},"excerpt":{"rendered":"<p>Le gouvernement a adopt\u00e9 jeudi dernier, en Conseil des ministres, un projet de loi portant modification de la loi n\u00b025-2018\/AN du 31 mai 2018 portant Code p\u00e9nal. Un an, presque jour pour jour apr\u00e8s sa derni\u00e8re modification, le Code p\u00e9nal est de nouveau devant la repr\u00e9sentation nationale \u00abpour actualisation\u00bb. En vue notamment \u00abde renforcer la [&hellip;]<\/p>\n","protected":false},"author":1816,"featured_media":0,"comment_status":"closed","ping_status":"closed","sticky":false,"template":"","format":"standard","meta":{"fifu_image_url":"","fifu_image_alt":"","footnotes":""},"categories":[73,81],"tags":[],"class_list":["post-39642","post","type-post","status-publish","format-standard","hentry","category-actualite","category-burkina-faso"],"_links":{"self":[{"href":"https:\/\/linitiative.ca\/International\/wp-json\/wp\/v2\/posts\/39642","targetHints":{"allow":["GET"]}}],"collection":[{"href":"https:\/\/linitiative.ca\/International\/wp-json\/wp\/v2\/posts"}],"about":[{"href":"https:\/\/linitiative.ca\/International\/wp-json\/wp\/v2\/types\/post"}],"author":[{"embeddable":true,"href":"https:\/\/linitiative.ca\/International\/wp-json\/wp\/v2\/users\/1816"}],"replies":[{"embeddable":true,"href":"https:\/\/linitiative.ca\/International\/wp-json\/wp\/v2\/comments?post=39642"}],"version-history":[{"count":0,"href":"https:\/\/linitiative.ca\/International\/wp-json\/wp\/v2\/posts\/39642\/revisions"}],"wp:attachment":[{"href":"https:\/\/linitiative.ca\/International\/wp-json\/wp\/v2\/media?parent=39642"}],"wp:term":[{"taxonomy":"category","embeddable":true,"href":"https:\/\/linitiative.ca\/International\/wp-json\/wp\/v2\/categories?post=39642"},{"taxonomy":"post_tag","embeddable":true,"href":"https:\/\/linitiative.ca\/International\/wp-json\/wp\/v2\/tags?post=39642"}],"curies":[{"name":"wp","href":"https:\/\/api.w.org\/{rel}","templated":true}]}}