{"id":39643,"date":"2019-06-09T16:52:39","date_gmt":"2019-06-09T20:52:39","guid":{"rendered":"https:\/\/linitiative.ca\/International\/groupement-professionnel-des-industriels-mamady-sanoh-reconduit\/"},"modified":"2019-06-09T16:52:39","modified_gmt":"2019-06-09T20:52:39","slug":"groupement-professionnel-des-industriels-mamady-sanoh-reconduit","status":"publish","type":"post","link":"https:\/\/linitiative.ca\/International\/groupement-professionnel-des-industriels-mamady-sanoh-reconduit\/","title":{"rendered":"Groupement professionnel des industriels : Mamady Sanoh reconduit"},"content":{"rendered":"<div class=\"td-post-featured-image\"><a href=\"https:\/\/i1.wp.com\/www.sidwaya.info\/wp-content\/uploads\/2019\/06\/1-14.jpg?fit=738%2C553&#038;ssl=1\" data-caption=\"\"><img loading=\"lazy\" decoding=\"async\" width=\"696\" height=\"522\" class=\"entry-thumb td-modal-image\" src=\"https:\/\/i1.wp.com\/www.sidwaya.info\/wp-content\/uploads\/2019\/06\/1-14.jpg?resize=696%2C522&#038;ssl=1\" srcset=\"https:\/\/i1.wp.com\/www.sidwaya.info\/wp-content\/uploads\/2019\/06\/1-14.jpg?w=738&#038;ssl=1 738w, https:\/\/i1.wp.com\/www.sidwaya.info\/wp-content\/uploads\/2019\/06\/1-14.jpg?resize=300%2C225&#038;ssl=1 300w, https:\/\/i1.wp.com\/www.sidwaya.info\/wp-content\/uploads\/2019\/06\/1-14.jpg?resize=80%2C60&#038;ssl=1 80w, https:\/\/i1.wp.com\/www.sidwaya.info\/wp-content\/uploads\/2019\/06\/1-14.jpg?resize=265%2C198&#038;ssl=1 265w, https:\/\/i1.wp.com\/www.sidwaya.info\/wp-content\/uploads\/2019\/06\/1-14.jpg?resize=696%2C522&#038;ssl=1 696w, https:\/\/i1.wp.com\/www.sidwaya.info\/wp-content\/uploads\/2019\/06\/1-14.jpg?resize=561%2C420&#038;ssl=1 561w\" sizes=\"auto, (max-width: 696px) 100vw, 696px\" alt=\"\" title=\"1\"\/><\/a><\/div>\n<div class=\"td-a-rec td-a-rec-id-content_top td_uid_30_5cfd7da92aeeb_rand td_block_template_1\"><img loading=\"lazy\" decoding=\"async\" class=\"aligncenter size-full wp-image-4463\" src=\"https:\/\/www.sidwaya.info\/wp-content\/uploads\/2019\/02\/FESPACO-TOUR-2019-Bannie%CC%80re-728x90-1.jpg\" alt=\"\" width=\"728\" height=\"90\"\/><\/div>\n<p><strong>Le Groupement professionnel des industriels (GPI) du Burkina a renouvel\u00e9, le vendredi 7 juin 2019, \u00e0 Ouagadougou, ses instances, au cours d\u2019une assembl\u00e9e g\u00e9n\u00e9rale ordinaire. A l\u2019occasion, Mamady Sanoh de FASOPLAST a \u00e9t\u00e9 reconduit \u00e0 la t\u00eate du GPI.<\/strong><\/p>\n<p>Mamady Sanoh a conserv\u00e9 la confiance des pairs. Il a \u00e9t\u00e9 port\u00e9 \u00e0 la t\u00eate du Groupement professionnel des industriels (GPI) du Burkina, pour un nouveau mandat de cinq ans, le vendredi 07 juin 2019, \u00e0 Ouagadougou, au terme d\u2019une assembl\u00e9e g\u00e9n\u00e9rale ordinaire. Le pr\u00e9sident Sanoh dirige d\u00e9sormais un bureau de 16 membres, \u00e9paul\u00e9 par des commissaires, des charg\u00e9s de mission et un conseiller sp\u00e9cial.<\/p>\n<p>Le PDG de FASOPLAST reprend les r\u00eanes du GPI au moment o\u00f9 les industries burkinab\u00e8 sont confront\u00e9es \u00e0 \u00abd\u2019\u00e9normes difficult\u00e9s qui menacent leur existence\u00bb. Mamady Sanoh a, d\u2019abord, relev\u00e9 la situation socio-politique et s\u00e9curitaire. Il a soutenu que depuis 2013, les industriels font face \u00e0 la mont\u00e9e de la grogne sociale, notamment avec les manifestations contre la vie ch\u00e8re. L\u2019insurrection populaire des 30 et 31 octobre 2014 et le coup d\u2019\u00c9tat de 2015 ont laiss\u00e9 des s\u00e9quelles dans des unit\u00e9s industrielles. Entre-temps, la question s\u00e9curitaire, marqu\u00e9e par les triples attentats de Ouagadougou et les diff\u00e9rentes attaques terroristes dans les diff\u00e9rentes r\u00e9gions du pays s\u2019est \u00e9galement invit\u00e9e au d\u00e9bat. \u00abNotre secteur a \u00e9t\u00e9 particuli\u00e8rement \u00e9prouv\u00e9, apr\u00e8s octobre 2014, par une crise sociale avec un niveau de violence jamais atteint dans notre pays. Nombreux sont ceux d\u2019entre nous qui ont \u00e9t\u00e9 confront\u00e9s aux gr\u00e8ves sauvages, notamment des blocages de sites, attaques et saccages des installations, agressions des premiers responsables et des travailleurs non-gr\u00e9vistes\u2026\u00bb, a d\u00e9plor\u00e9 Mamady Sanoh. Aujourd\u2019hui, les industries burkinab\u00e8 tentent de se ressaisir et de se consacrer \u00e0 la rentabilit\u00e9 et \u00e0 la production.<\/p>\n<p>Mais, elles font face \u00e0 de \u00abvrais ennemis\u00bb que sont la fraude et la concurrence d\u00e9loyale. A titre d\u2019exemple, \u00abWinner a disparu du fait de la fraude\u00bb, a d\u00e9plor\u00e9 le pr\u00e9sident du Groupement professionnel des industriels (GPI). Mamady Sanoh a estim\u00e9 que l\u2019envahissement actuel du march\u00e9 par les produits issus de la concurrence d\u00e9loyale est l\u2019une des cons\u00e9quences du d\u00e9r\u00e8glement de l\u2019\u00e9conomie nationale. Il compte faire de la lutte contre ces fl\u00e9aux son cheval de bataille. M. Sanoh veut surtout s\u2019attaquer \u00e0 tous ces produits qui sont ni d\u00e9douan\u00e9s, ni connus, encore moins certifi\u00e9s du point de vue alimentaire. \u00abA ces formes nouvelles sous lesquelles se pr\u00e9sentent les acteurs n\u00e9gatifs de notre \u00e9conomie, nous devons \u00eatre capables d\u2019apporter des r\u00e9ponses nouvelles et fortes. Notre lutte aujourd\u2019hui est de combattre ces produits et les individus qui sont les fossoyeurs de notre \u00e9conomie\u00bb, a promis le pr\u00e9sident du GPI. L\u2019Assembl\u00e9e g\u00e9n\u00e9rale (AG) a permis aux industriels de proc\u00e9der \u00e0 la relecture des textes du Groupement afin de les conformer \u00e0 la loi N\u00b0064-2015\/CNT portant libert\u00e9 d\u2019association, d\u2019\u00e9largir la base d\u2019adh\u00e9sion et d\u2019ouvrir l\u2019association \u00e0 de nouveaux industriels.<\/p>\n<p class=\"c1\"><strong>\u00a0Djakaridia SIRIBIE<\/strong><\/p>\n<div class=\"td-a-rec td-a-rec-id-content_bottom td_uid_31_5cfd7da92b08f_rand td_block_template_1\"><img loading=\"lazy\" decoding=\"async\" class=\"alignright size-full wp-image-1724\" src=\"https:\/\/www.sidwaya.info\/wp-content\/uploads\/2018\/12\/sidwaya-pub.jpg\" alt=\"\" width=\"720\" height=\"90\"\/><\/div>\n<p>Auteur: DD. Sidwaya<br \/>\n<a href=\"https:\/\/www.sidwaya.info\/blog\/2019\/06\/09\/groupement-professionnel-des-industriels-mamady-sanoh-reconduit\/\">Cliquez ici pour lire l&rsquo;article depuis sa source.<\/a><\/p>\n","protected":false},"excerpt":{"rendered":"<p>Le Groupement professionnel des industriels (GPI) du Burkina a renouvel\u00e9, le vendredi 7 juin 2019, \u00e0 Ouagadougou, ses instances, au cours d\u2019une assembl\u00e9e g\u00e9n\u00e9rale ordinaire. A l\u2019occasion, Mamady Sanoh de FASOPLAST a \u00e9t\u00e9 reconduit \u00e0 la t\u00eate du GPI. Mamady Sanoh a conserv\u00e9 la confiance des pairs. Il a \u00e9t\u00e9 port\u00e9 \u00e0 la t\u00eate du [&hellip;]<\/p>\n","protected":false},"author":1816,"featured_media":0,"comment_status":"closed","ping_status":"closed","sticky":false,"template":"","format":"standard","meta":{"fifu_image_url":"","fifu_image_alt":"","footnotes":""},"categories":[73,81],"tags":[],"class_list":["post-39643","post","type-post","status-publish","format-standard","hentry","category-actualite","category-burkina-faso"],"_links":{"self":[{"href":"https:\/\/linitiative.ca\/International\/wp-json\/wp\/v2\/posts\/39643","targetHints":{"allow":["GET"]}}],"collection":[{"href":"https:\/\/linitiative.ca\/International\/wp-json\/wp\/v2\/posts"}],"about":[{"href":"https:\/\/linitiative.ca\/International\/wp-json\/wp\/v2\/types\/post"}],"author":[{"embeddable":true,"href":"https:\/\/linitiative.ca\/International\/wp-json\/wp\/v2\/users\/1816"}],"replies":[{"embeddable":true,"href":"https:\/\/linitiative.ca\/International\/wp-json\/wp\/v2\/comments?post=39643"}],"version-history":[{"count":0,"href":"https:\/\/linitiative.ca\/International\/wp-json\/wp\/v2\/posts\/39643\/revisions"}],"wp:attachment":[{"href":"https:\/\/linitiative.ca\/International\/wp-json\/wp\/v2\/media?parent=39643"}],"wp:term":[{"taxonomy":"category","embeddable":true,"href":"https:\/\/linitiative.ca\/International\/wp-json\/wp\/v2\/categories?post=39643"},{"taxonomy":"post_tag","embeddable":true,"href":"https:\/\/linitiative.ca\/International\/wp-json\/wp\/v2\/tags?post=39643"}],"curies":[{"name":"wp","href":"https:\/\/api.w.org\/{rel}","templated":true}]}}