{"id":39644,"date":"2019-06-09T16:58:24","date_gmt":"2019-06-09T20:58:24","guid":{"rendered":"https:\/\/linitiative.ca\/International\/lutte-contre-lexcision-le-bilan-de-la-strategie-2016-2020-presente\/"},"modified":"2019-06-09T16:58:24","modified_gmt":"2019-06-09T20:58:24","slug":"lutte-contre-lexcision-le-bilan-de-la-strategie-2016-2020-presente","status":"publish","type":"post","link":"https:\/\/linitiative.ca\/International\/lutte-contre-lexcision-le-bilan-de-la-strategie-2016-2020-presente\/","title":{"rendered":"Lutte contre l\u2019excision : le bilan de la strat\u00e9gie 2016-2020 pr\u00e9sent\u00e9"},"content":{"rendered":"<div class=\"td-post-featured-image\"><a href=\"https:\/\/i2.wp.com\/www.sidwaya.info\/wp-content\/uploads\/2019\/06\/2-7.jpg?fit=738%2C493&#038;ssl=1\" data-caption=\"\"><img loading=\"lazy\" decoding=\"async\" width=\"696\" height=\"465\" class=\"entry-thumb td-modal-image\" src=\"https:\/\/i2.wp.com\/www.sidwaya.info\/wp-content\/uploads\/2019\/06\/2-7.jpg?resize=696%2C465&#038;ssl=1\" srcset=\"https:\/\/i2.wp.com\/www.sidwaya.info\/wp-content\/uploads\/2019\/06\/2-7.jpg?w=738&#038;ssl=1 738w, https:\/\/i2.wp.com\/www.sidwaya.info\/wp-content\/uploads\/2019\/06\/2-7.jpg?resize=300%2C200&#038;ssl=1 300w, https:\/\/i2.wp.com\/www.sidwaya.info\/wp-content\/uploads\/2019\/06\/2-7.jpg?resize=696%2C465&#038;ssl=1 696w, https:\/\/i2.wp.com\/www.sidwaya.info\/wp-content\/uploads\/2019\/06\/2-7.jpg?resize=629%2C420&#038;ssl=1 629w\" sizes=\"auto, (max-width: 696px) 100vw, 696px\" alt=\"\" title=\"2\"\/><\/a><\/div>\n<div class=\"td-a-rec td-a-rec-id-content_top td_uid_30_5cfd7dabe11ca_rand td_block_template_1\"><img loading=\"lazy\" decoding=\"async\" class=\"aligncenter size-full wp-image-4463\" src=\"https:\/\/www.sidwaya.info\/wp-content\/uploads\/2019\/02\/FESPACO-TOUR-2019-Bannie%CC%80re-728x90-1.jpg\" alt=\"\" width=\"728\" height=\"90\"\/><\/div>\n<p><strong>Le Secr\u00e9tariat Permanent du Conseil national de lutte contre la pratique de l\u2019excision (SP\/CNLPE) a organis\u00e9 un d\u00e9jeuner de presse, le vendredi 7 juin 2019 \u00e0 Ouagadougou. Les \u00e9changes ont port\u00e9 sur l\u2019\u00e9tat de mise en \u0153uvre du plan strat\u00e9gique national pour l\u2019\u00e9limination des mutilations g\u00e9nitales f\u00e9minines au Burkina Faso.<\/strong><\/p>\n<p>Le gouvernement burkinab\u00e8 entend r\u00e9duire de 20 % le taux de pr\u00e9valence des Mutilations g\u00e9nitales f\u00e9minines (MGF) au Burkina Faso d\u2019ici \u00e0 l\u2019horizon 2020. Le Secr\u00e9tariat permanent du Conseil national de lutte contre la pratique de l\u2019excision (SP\/CNLPE) a organis\u00e9, \u00e0 cet effet, un d\u00e9jeuner de presse, le vendredi 7 juin 2019 \u00e0 Ouagadougou pour pr\u00e9senter aux journalistes, l\u2019\u00e9tat de mise en \u0153uvre du plan strat\u00e9gique national de promotion de l\u2019\u00e9limination des MGF. La strat\u00e9gie de promotion de l\u2019\u00e9limination des MGF (2016-2020), selon le chef de d\u00e9partement des \u00e9tudes, de la planification, du suivi-\u00e9valuation et de la prospection, Albert Sawadogo, comporte plusieurs axes strat\u00e9giques. Il s\u2019agit, a-t-il cit\u00e9, de renforcer les mesures de pr\u00e9vention r\u00e9pondant aux besoins des populations expos\u00e9es aux MGF, l\u2019acc\u00e8s \u00e0 la prise en charge m\u00e9dicale et psychosociale des victimes des s\u00e9quelles des MGF, assurer la protection et la promotion des droits des femmes et des filles dans le contexte des MGF sp\u00e9cifiquement dans les provinces \u00e0 pr\u00e9valence \u00e9lev\u00e9e, accro\u00eetre le dispositif de gestion et de coordination du plan strat\u00e9gique national d\u2019\u00e9limination des MGF et enfin renforcer le dispositif de suivi-\u00e9valuation. Le ministre en charge de la femme, Laurence Ilboudo, a confi\u00e9, pour sa part, qu\u2019\u00e0 travers l\u2019enqu\u00eate multisectorielle de 2015, des avanc\u00e9es positives dans la lutte contre la pratique de l\u2019excision ont \u00e9t\u00e9 constat\u00e9es avec une baisse de la pr\u00e9valence de 11,3 % pour la tranche d\u2019\u00e2ge de 0 \u00e0 14 ans et 67,6% pour la tranche d\u2019\u00e2ge de 15 \u00e0 49 ans.<\/p>\n<p>\u201cDes progr\u00e8s ont \u00e9t\u00e9 enregistr\u00e9s. Mais nous pensons pouvoir faire mieux d\u2019o\u00f9 la n\u00e9cessit\u00e9 d\u2019une strat\u00e9gie nationale pour voir comment arriver \u00e0 une r\u00e9duction d\u2019ici \u00e0 2020 et \u00e9ventuellement \u00e0 z\u00e9ro MGF d\u2019ici \u00e0 2030\u201d, a-t-elle soulign\u00e9. La 18e \u00e9dition de la journ\u00e9e nationale de la lutte contre la pratique de l\u2019excision a \u00e9t\u00e9 comm\u00e9mor\u00e9e sur le th\u00e8me : \u201cTraduire les d\u00e9cisions politiques en actions \u00e0 la base pour acc\u00e9l\u00e9rer l\u2019\u00e9limination des mutilations g\u00e9nitales f\u00e9minines en 2030 : d\u00e9fis et perspectives\u201d, a par ailleurs rappel\u00e9 Mme Ilboudo.<\/p>\n<p><strong>Pour la bonne marche du programme<\/strong><\/p>\n<p>A son avis, le Burkina Faso est un leader de la lutte contre la pratique de l\u2019excision et a un environnement politique propice en la mati\u00e8re. Pour elle, une coordination des actions est n\u00e9cessaire pour un v\u00e9ritable impact sur le terrain. Mme Ilboudo a invit\u00e9 les Burkinab\u00e8, notamment les acteurs politiques, administratifs, leaders religieux et coutumiers, \u00e0 s\u2019investir \u201cpleinement et activement\u201d dans la lutte contre la pratique de l\u2019excision. Quant au ministre de la Sant\u00e9, L\u00e9onie Claudine Lougu\u00e9, elle a rappel\u00e9 que la strat\u00e9gie de sant\u00e9 communautaire qui est en op\u00e9rationnalisation a permis de recruter, avec l\u2019appui de certains partenaires, deux agents de sant\u00e9 \u00e0 base communautaire dans tous les villages. A l\u2019entendre, ceux-ci ont re\u00e7u des lots de m\u00e9dicaments qu\u2019ils peuvent d\u00e9livrer aux populations. Cette initiative, a-t-elle expliqu\u00e9, permettra d\u2019\u00e9viter que les patients soient conduits dans les h\u00f4pitaux avec des maladies d\u00e9j\u00e0 graves. \u00abDans le cadre de l\u2019int\u00e9gration des activit\u00e9s du CNLPE, ces agents de sant\u00e9 \u00e0 base communautaire pourront \u00eatre form\u00e9s dans le but d\u2019accompagner le minist\u00e8re charg\u00e9 de la lutte contre ces pratiques n\u00e9fastes en participant \u00e0 sensibiliser, \u00e0 rechercher les femmes et filles victimes de ce ph\u00e9nom\u00e8ne leur prise en charge\u00bb, a soutenu Mme Lougu\u00e9.<\/p>\n<p class=\"c1\"><strong>Dawara Sylvie SOU<\/strong><br \/><strong>(Stagiaire)<\/strong><\/p>\n<div class=\"td-a-rec td-a-rec-id-content_bottom td_uid_31_5cfd7dabe1377_rand td_block_template_1\"><img loading=\"lazy\" decoding=\"async\" class=\"alignright size-full wp-image-1724\" src=\"https:\/\/www.sidwaya.info\/wp-content\/uploads\/2018\/12\/sidwaya-pub.jpg\" alt=\"\" width=\"720\" height=\"90\"\/><\/div>\n<p>Auteur: DD. Sidwaya<br \/>\n<a href=\"https:\/\/www.sidwaya.info\/blog\/2019\/06\/09\/lutte-contre-lexcision-le-bilan-de-la-strategie-2016-2020-presente\/\">Cliquez ici pour lire l&rsquo;article depuis sa source.<\/a><\/p>\n","protected":false},"excerpt":{"rendered":"<p>Le Secr\u00e9tariat Permanent du Conseil national de lutte contre la pratique de l\u2019excision (SP\/CNLPE) a organis\u00e9 un d\u00e9jeuner de presse, le vendredi 7 juin 2019 \u00e0 Ouagadougou. Les \u00e9changes ont port\u00e9 sur l\u2019\u00e9tat de mise en \u0153uvre du plan strat\u00e9gique national pour l\u2019\u00e9limination des mutilations g\u00e9nitales f\u00e9minines au Burkina Faso. Le gouvernement burkinab\u00e8 entend r\u00e9duire [&hellip;]<\/p>\n","protected":false},"author":1816,"featured_media":0,"comment_status":"closed","ping_status":"closed","sticky":false,"template":"","format":"standard","meta":{"fifu_image_url":"","fifu_image_alt":"","footnotes":""},"categories":[73,81],"tags":[],"class_list":["post-39644","post","type-post","status-publish","format-standard","hentry","category-actualite","category-burkina-faso"],"_links":{"self":[{"href":"https:\/\/linitiative.ca\/International\/wp-json\/wp\/v2\/posts\/39644","targetHints":{"allow":["GET"]}}],"collection":[{"href":"https:\/\/linitiative.ca\/International\/wp-json\/wp\/v2\/posts"}],"about":[{"href":"https:\/\/linitiative.ca\/International\/wp-json\/wp\/v2\/types\/post"}],"author":[{"embeddable":true,"href":"https:\/\/linitiative.ca\/International\/wp-json\/wp\/v2\/users\/1816"}],"replies":[{"embeddable":true,"href":"https:\/\/linitiative.ca\/International\/wp-json\/wp\/v2\/comments?post=39644"}],"version-history":[{"count":0,"href":"https:\/\/linitiative.ca\/International\/wp-json\/wp\/v2\/posts\/39644\/revisions"}],"wp:attachment":[{"href":"https:\/\/linitiative.ca\/International\/wp-json\/wp\/v2\/media?parent=39644"}],"wp:term":[{"taxonomy":"category","embeddable":true,"href":"https:\/\/linitiative.ca\/International\/wp-json\/wp\/v2\/categories?post=39644"},{"taxonomy":"post_tag","embeddable":true,"href":"https:\/\/linitiative.ca\/International\/wp-json\/wp\/v2\/tags?post=39644"}],"curies":[{"name":"wp","href":"https:\/\/api.w.org\/{rel}","templated":true}]}}