{"id":39645,"date":"2019-06-09T17:02:06","date_gmt":"2019-06-09T21:02:06","guid":{"rendered":"https:\/\/linitiative.ca\/International\/province-des-banwa-le-mpp-prepare-la-presidentielle-de-2020\/"},"modified":"2019-06-09T17:02:06","modified_gmt":"2019-06-09T21:02:06","slug":"province-des-banwa-le-mpp-prepare-la-presidentielle-de-2020","status":"publish","type":"post","link":"https:\/\/linitiative.ca\/International\/province-des-banwa-le-mpp-prepare-la-presidentielle-de-2020\/","title":{"rendered":"Province des Banwa : le MPP pr\u00e9pare la pr\u00e9sidentielle de 2020"},"content":{"rendered":"<div class=\"td-post-featured-image\"><a href=\"https:\/\/i2.wp.com\/www.sidwaya.info\/wp-content\/uploads\/2019\/06\/1-15.jpg?fit=738%2C511&#038;ssl=1\" data-caption=\"\"><img loading=\"lazy\" decoding=\"async\" width=\"696\" height=\"482\" class=\"entry-thumb td-modal-image\" src=\"https:\/\/i2.wp.com\/www.sidwaya.info\/wp-content\/uploads\/2019\/06\/1-15.jpg?resize=696%2C482&#038;ssl=1\" srcset=\"https:\/\/i2.wp.com\/www.sidwaya.info\/wp-content\/uploads\/2019\/06\/1-15.jpg?w=738&#038;ssl=1 738w, https:\/\/i2.wp.com\/www.sidwaya.info\/wp-content\/uploads\/2019\/06\/1-15.jpg?resize=300%2C208&#038;ssl=1 300w, https:\/\/i2.wp.com\/www.sidwaya.info\/wp-content\/uploads\/2019\/06\/1-15.jpg?resize=100%2C70&#038;ssl=1 100w, https:\/\/i2.wp.com\/www.sidwaya.info\/wp-content\/uploads\/2019\/06\/1-15.jpg?resize=218%2C150&#038;ssl=1 218w, https:\/\/i2.wp.com\/www.sidwaya.info\/wp-content\/uploads\/2019\/06\/1-15.jpg?resize=696%2C482&#038;ssl=1 696w, https:\/\/i2.wp.com\/www.sidwaya.info\/wp-content\/uploads\/2019\/06\/1-15.jpg?resize=607%2C420&#038;ssl=1 607w\" sizes=\"auto, (max-width: 696px) 100vw, 696px\" alt=\"\" title=\"1\"\/><\/a><\/div>\n<div class=\"td-a-rec td-a-rec-id-content_top td_uid_30_5cfd7dae92563_rand td_block_template_1\"><img loading=\"lazy\" decoding=\"async\" class=\"aligncenter size-full wp-image-4463\" src=\"https:\/\/www.sidwaya.info\/wp-content\/uploads\/2019\/02\/FESPACO-TOUR-2019-Bannie%CC%80re-728x90-1.jpg\" alt=\"\" width=\"728\" height=\"90\"\/><\/div>\n<p><strong>Le Mouvement du peuple pour le progr\u00e8s (MPP) a rencontr\u00e9, le 8 juin 2019 \u00e0 Solenzo, les responsables des diff\u00e9rentes sous-sections de la province des Banwa du parti, afin d\u2019aff\u00fbter les armes pour les \u00e9lections de 2020. La d\u00e9l\u00e9gation \u00e9tait conduite par le ministre de l\u2019Habitat et de l\u2019Urbanisme, Dieudonn\u00e9 Maurice Bonnanet, accompagn\u00e9 de quelques membres du bureau politique national.<\/strong><\/p>\n<p>Le Mouvement du peuple pour le progr\u00e8s (MPP) pr\u00e9pare le terrain pour les \u00e9lections de 2020. Le parti a, en effet, eu un t\u00eate-t\u00eate, le 8 juin 2019 \u00e0 Solenzo, avec les responsables des diff\u00e9rentes sous-sections de la province des Banwa. A l\u2019occasion, la salle de r\u00e9union de l\u2019Union des producteurs de coton a refus\u00e9 du monde. Le chef de la d\u00e9l\u00e9gation \u00e9tait Dieudonn\u00e9 Maurice Bonnanet, par ailleurs, ministre de l\u2019Habitat et de l\u2019Urbanisme. A l\u2019entendre, la rencontre portait sur le bilan des activit\u00e9s et des actions r\u00e9alis\u00e9es par le gouvernement dans chaque commune. Il ressort que cinq communes ont pu b\u00e9n\u00e9ficier des r\u00e9alisations du gouvernement.<\/p>\n<p>Le secr\u00e9taire g\u00e9n\u00e9ral de la section de la commune de Solenzo, Souleymane Sanga a pris la parole pour indiquer que la mise en place de leur structure est en cours mais pour les r\u00e9alisations gouvernementales, il ne peut rien dire car il n\u2019est ni maire ni conseiller municipal. Le SG de la sous-section du parti de Kouka, Charles Sanou a laiss\u00e9 entendre que depuis la prise du pouvoir par le MPP c\u2019est la paix, la coh\u00e9sion et l\u2019entente \u00e0 Kouka. \u00abEt m\u00eame un aveugle sait que la commune de Kouka est d\u00e9velopp\u00e9e\u00bb, a-t-il dit. Les participants ont tenu \u00e0 remercier le gouvernement et le pr\u00e9sident du Faso, Roch Marc Christian Kabor\u00e9 pour les efforts consentis dans la province des Banwa. Mais ils plaident pour le bitumage de la route Koundougou-Solenzo-D\u00e9dougou. Sur le sujet, Maurice Bonnanet a rassur\u00e9 les militantes du d\u00e9but des travaux en 2019 pour le tron\u00e7on Koundougou- Solenzo et qu\u2019 \u00abavant la fin du mandat en 2020 le bitumage de la route Solenzo-Dedougou sera lanc\u00e9\u00bb. Les diff\u00e9rents responsables des structures ont rassur\u00e9 la d\u00e9l\u00e9gation que la province des Banwa sera 100% MPP.<\/p>\n<p class=\"c1\"><strong>Salifou OUEDRAOGO<\/strong><br \/><strong>Correspondant<\/strong><\/p>\n<div class=\"td-a-rec td-a-rec-id-content_bottom td_uid_31_5cfd7dae926e5_rand td_block_template_1\"><img loading=\"lazy\" decoding=\"async\" class=\"alignright size-full wp-image-1724\" src=\"https:\/\/www.sidwaya.info\/wp-content\/uploads\/2018\/12\/sidwaya-pub.jpg\" alt=\"\" width=\"720\" height=\"90\"\/><\/div>\n<p>Auteur: DD. Sidwaya<br \/>\n<a href=\"https:\/\/www.sidwaya.info\/blog\/2019\/06\/09\/province-des-banwa-le-mpp-prepare-la-presidentielle-de-2020\/\">Cliquez ici pour lire l&rsquo;article depuis sa source.<\/a><\/p>\n","protected":false},"excerpt":{"rendered":"<p>Le Mouvement du peuple pour le progr\u00e8s (MPP) a rencontr\u00e9, le 8 juin 2019 \u00e0 Solenzo, les responsables des diff\u00e9rentes sous-sections de la province des Banwa du parti, afin d\u2019aff\u00fbter les armes pour les \u00e9lections de 2020. La d\u00e9l\u00e9gation \u00e9tait conduite par le ministre de l\u2019Habitat et de l\u2019Urbanisme, Dieudonn\u00e9 Maurice Bonnanet, accompagn\u00e9 de quelques [&hellip;]<\/p>\n","protected":false},"author":1816,"featured_media":0,"comment_status":"closed","ping_status":"closed","sticky":false,"template":"","format":"standard","meta":{"fifu_image_url":"","fifu_image_alt":"","footnotes":""},"categories":[73,81],"tags":[],"class_list":["post-39645","post","type-post","status-publish","format-standard","hentry","category-actualite","category-burkina-faso"],"_links":{"self":[{"href":"https:\/\/linitiative.ca\/International\/wp-json\/wp\/v2\/posts\/39645","targetHints":{"allow":["GET"]}}],"collection":[{"href":"https:\/\/linitiative.ca\/International\/wp-json\/wp\/v2\/posts"}],"about":[{"href":"https:\/\/linitiative.ca\/International\/wp-json\/wp\/v2\/types\/post"}],"author":[{"embeddable":true,"href":"https:\/\/linitiative.ca\/International\/wp-json\/wp\/v2\/users\/1816"}],"replies":[{"embeddable":true,"href":"https:\/\/linitiative.ca\/International\/wp-json\/wp\/v2\/comments?post=39645"}],"version-history":[{"count":0,"href":"https:\/\/linitiative.ca\/International\/wp-json\/wp\/v2\/posts\/39645\/revisions"}],"wp:attachment":[{"href":"https:\/\/linitiative.ca\/International\/wp-json\/wp\/v2\/media?parent=39645"}],"wp:term":[{"taxonomy":"category","embeddable":true,"href":"https:\/\/linitiative.ca\/International\/wp-json\/wp\/v2\/categories?post=39645"},{"taxonomy":"post_tag","embeddable":true,"href":"https:\/\/linitiative.ca\/International\/wp-json\/wp\/v2\/tags?post=39645"}],"curies":[{"name":"wp","href":"https:\/\/api.w.org\/{rel}","templated":true}]}}