{"id":39646,"date":"2019-06-09T17:06:54","date_gmt":"2019-06-09T21:06:54","guid":{"rendered":"https:\/\/linitiative.ca\/International\/direction-politique-du-mpp-les-maires-invites-a-la-probite\/"},"modified":"2019-06-09T17:06:54","modified_gmt":"2019-06-09T21:06:54","slug":"direction-politique-du-mpp-les-maires-invites-a-la-probite","status":"publish","type":"post","link":"https:\/\/linitiative.ca\/International\/direction-politique-du-mpp-les-maires-invites-a-la-probite\/","title":{"rendered":"Direction politique du MPP : les maires invit\u00e9s \u00e0 la probit\u00e9"},"content":{"rendered":"<div class=\"td-post-featured-image\"><a href=\"https:\/\/i2.wp.com\/www.sidwaya.info\/wp-content\/uploads\/2019\/06\/2-8.jpg?fit=738%2C460&#038;ssl=1\" data-caption=\"\"><img loading=\"lazy\" decoding=\"async\" width=\"696\" height=\"434\" class=\"entry-thumb td-modal-image\" src=\"https:\/\/i2.wp.com\/www.sidwaya.info\/wp-content\/uploads\/2019\/06\/2-8.jpg?resize=696%2C434&#038;ssl=1\" srcset=\"https:\/\/i2.wp.com\/www.sidwaya.info\/wp-content\/uploads\/2019\/06\/2-8.jpg?w=738&#038;ssl=1 738w, https:\/\/i2.wp.com\/www.sidwaya.info\/wp-content\/uploads\/2019\/06\/2-8.jpg?resize=300%2C187&#038;ssl=1 300w, https:\/\/i2.wp.com\/www.sidwaya.info\/wp-content\/uploads\/2019\/06\/2-8.jpg?resize=696%2C434&#038;ssl=1 696w, https:\/\/i2.wp.com\/www.sidwaya.info\/wp-content\/uploads\/2019\/06\/2-8.jpg?resize=674%2C420&#038;ssl=1 674w\" sizes=\"auto, (max-width: 696px) 100vw, 696px\" alt=\"\" title=\"2\"\/><\/a><\/div>\n<div class=\"td-a-rec td-a-rec-id-content_top td_uid_30_5cfd7db1509fb_rand td_block_template_1\"><img loading=\"lazy\" decoding=\"async\" class=\"aligncenter size-full wp-image-4463\" src=\"https:\/\/www.sidwaya.info\/wp-content\/uploads\/2019\/02\/FESPACO-TOUR-2019-Bannie%CC%80re-728x90-1.jpg\" alt=\"\" width=\"728\" height=\"90\"\/><\/div>\n<p><strong>La direction politique du Mouvement du peuple pour le progr\u00e8s (MPP) a rencontr\u00e9 les maires du parti, le samedi 8 juin 2019 \u00e0 Ouagadougou.<\/strong><\/p>\n<p>Les maires du Mouvement du peuple pour le progr\u00e8s (MPP) doivent cultiver l\u2019int\u00e9grit\u00e9. C\u2019est ce qu\u2019a affirm\u00e9 le pr\u00e9sident par int\u00e9rim du parti, Simon Compaor\u00e9, lors de la rencontre avec les 248 maires pr\u00e9sents (sur 300 que compte le parti), le samedi 8 juin 2019 \u00e0 Ouagadougou. Selon Simon Compaor\u00e9, le MPP ne prot\u00e9gera pas les \u00e9diles \u00abescrocs\u00bb. Aussi, il a fait savoir que le parti se porte bien et se pr\u00e9pare pour la \u00abbrillante\u00bb r\u00e9\u00e9lection de son candidat, le pr\u00e9sident du Faso, Roch Marc Christian Kabor\u00e9 \u00e0 la pr\u00e9sidentielle de 2020. Le maire de la ville de Ouagadougou, Armand Pierre B\u00e9ouind\u00e9, a salu\u00e9 l\u2019initiative. \u00ab C\u2019est une rencontre d\u2019\u00e9changes, du donner et du recevoir. Nous allons faire le point de la situation sociale, \u00e9conomique et politique de nos communes\u00bb, a-t-il dit. Et d\u2019ajouter que les maires sont plus proches des populations car, ils g\u00e8rent la d\u00e9mocratie au niveau local et touchent du doigt les r\u00e9alit\u00e9s des populations. \u00abNous allons indiquer comment nous accomplissons notre mandat et recevoir des recommandations pour le bien des populations\u00bb, a argu\u00e9 le bourgmestre. Par ailleurs, il a indiqu\u00e9 que les collectivit\u00e9s territoriales rencontrent des difficult\u00e9s dans le transfert de comp\u00e9tences et de moyens. \u00abLes transferts se font avec beaucoup de retard et au niveau des collectivit\u00e9s, nous n\u2019avons pas assez de ressources\u00bb, s\u2019est-il plaint. De son avis, il faut que les comp\u00e9tences et les moyens soient entre les mains des collectivit\u00e9s territoriales pour la gestion des communes. Aussi, le maire a soulign\u00e9 que pour faire face \u00e0 l\u2019ins\u00e9curit\u00e9 au Burkina Faso, les \u00e9lus locaux ont pris des dispositions pour remonter certaines informations aux Forces de l\u2019ordre pour qu\u2019elles puissent orienter la d\u00e9fense du territoire.<\/p>\n<p>Pour le Premier ministre, Christophe Dabir\u00e9, les maires doivent \u0153uvrer pour la qui\u00e9tude et le d\u00e9veloppement. A ses dires, cette r\u00e9union est importante car le pays entre dans une \u00abp\u00e9riode de turbulences\u00bb avec les \u00e9lections \u00e0 venir. \u00abIl faut mettre en \u0153uvre les forces dont nous disposons pour assurer la r\u00e9\u00e9lection du pr\u00e9sident Kabor\u00e9 \u00e0 la t\u00eate de la magistrature supr\u00eame de notre pays\u00bb, a-t-il affirm\u00e9. Le chef du gouvernement a, pour conclure, encourag\u00e9 les maires \u00e0 travailler pour le bonheur de la population.<\/p>\n<p class=\"c1\"><strong>Mariam SOMDA<\/strong><\/p>\n<div class=\"td-a-rec td-a-rec-id-content_bottom td_uid_31_5cfd7db150ba0_rand td_block_template_1\"><img loading=\"lazy\" decoding=\"async\" class=\"alignright size-full wp-image-1724\" src=\"https:\/\/www.sidwaya.info\/wp-content\/uploads\/2018\/12\/sidwaya-pub.jpg\" alt=\"\" width=\"720\" height=\"90\"\/><\/div>\n<p>Auteur: DD. Sidwaya<br \/>\n<a href=\"https:\/\/www.sidwaya.info\/blog\/2019\/06\/09\/direction-politique-du-mpp-les-maires-invites-a-la-probite\/\">Cliquez ici pour lire l&rsquo;article depuis sa source.<\/a><\/p>\n","protected":false},"excerpt":{"rendered":"<p>La direction politique du Mouvement du peuple pour le progr\u00e8s (MPP) a rencontr\u00e9 les maires du parti, le samedi 8 juin 2019 \u00e0 Ouagadougou. Les maires du Mouvement du peuple pour le progr\u00e8s (MPP) doivent cultiver l\u2019int\u00e9grit\u00e9. C\u2019est ce qu\u2019a affirm\u00e9 le pr\u00e9sident par int\u00e9rim du parti, Simon Compaor\u00e9, lors de la rencontre avec les [&hellip;]<\/p>\n","protected":false},"author":1816,"featured_media":0,"comment_status":"closed","ping_status":"closed","sticky":false,"template":"","format":"standard","meta":{"fifu_image_url":"","fifu_image_alt":"","footnotes":""},"categories":[73,81],"tags":[],"class_list":["post-39646","post","type-post","status-publish","format-standard","hentry","category-actualite","category-burkina-faso"],"_links":{"self":[{"href":"https:\/\/linitiative.ca\/International\/wp-json\/wp\/v2\/posts\/39646","targetHints":{"allow":["GET"]}}],"collection":[{"href":"https:\/\/linitiative.ca\/International\/wp-json\/wp\/v2\/posts"}],"about":[{"href":"https:\/\/linitiative.ca\/International\/wp-json\/wp\/v2\/types\/post"}],"author":[{"embeddable":true,"href":"https:\/\/linitiative.ca\/International\/wp-json\/wp\/v2\/users\/1816"}],"replies":[{"embeddable":true,"href":"https:\/\/linitiative.ca\/International\/wp-json\/wp\/v2\/comments?post=39646"}],"version-history":[{"count":0,"href":"https:\/\/linitiative.ca\/International\/wp-json\/wp\/v2\/posts\/39646\/revisions"}],"wp:attachment":[{"href":"https:\/\/linitiative.ca\/International\/wp-json\/wp\/v2\/media?parent=39646"}],"wp:term":[{"taxonomy":"category","embeddable":true,"href":"https:\/\/linitiative.ca\/International\/wp-json\/wp\/v2\/categories?post=39646"},{"taxonomy":"post_tag","embeddable":true,"href":"https:\/\/linitiative.ca\/International\/wp-json\/wp\/v2\/tags?post=39646"}],"curies":[{"name":"wp","href":"https:\/\/api.w.org\/{rel}","templated":true}]}}