{"id":39648,"date":"2019-06-09T17:16:37","date_gmt":"2019-06-09T21:16:37","guid":{"rendered":"https:\/\/linitiative.ca\/International\/burkina-faso-rdc-les-etalons-obtiennent-le-nul-en-espagne\/"},"modified":"2019-06-09T17:16:37","modified_gmt":"2019-06-09T21:16:37","slug":"burkina-faso-rdc-les-etalons-obtiennent-le-nul-en-espagne","status":"publish","type":"post","link":"https:\/\/linitiative.ca\/International\/burkina-faso-rdc-les-etalons-obtiennent-le-nul-en-espagne\/","title":{"rendered":"Burkina Faso-RDC : les Etalons obtiennent le nul en Espagne"},"content":{"rendered":"<div class=\"td-post-featured-image\"><a href=\"https:\/\/i2.wp.com\/www.sidwaya.info\/wp-content\/uploads\/2019\/06\/1-17.jpg?fit=738%2C553&#038;ssl=1\" data-caption=\"\"><img loading=\"lazy\" decoding=\"async\" width=\"696\" height=\"522\" class=\"entry-thumb td-modal-image\" src=\"https:\/\/i2.wp.com\/www.sidwaya.info\/wp-content\/uploads\/2019\/06\/1-17.jpg?resize=696%2C522&#038;ssl=1\" srcset=\"https:\/\/i2.wp.com\/www.sidwaya.info\/wp-content\/uploads\/2019\/06\/1-17.jpg?w=738&#038;ssl=1 738w, https:\/\/i2.wp.com\/www.sidwaya.info\/wp-content\/uploads\/2019\/06\/1-17.jpg?resize=300%2C225&#038;ssl=1 300w, https:\/\/i2.wp.com\/www.sidwaya.info\/wp-content\/uploads\/2019\/06\/1-17.jpg?resize=80%2C60&#038;ssl=1 80w, https:\/\/i2.wp.com\/www.sidwaya.info\/wp-content\/uploads\/2019\/06\/1-17.jpg?resize=265%2C198&#038;ssl=1 265w, https:\/\/i2.wp.com\/www.sidwaya.info\/wp-content\/uploads\/2019\/06\/1-17.jpg?resize=696%2C522&#038;ssl=1 696w, https:\/\/i2.wp.com\/www.sidwaya.info\/wp-content\/uploads\/2019\/06\/1-17.jpg?resize=561%2C420&#038;ssl=1 561w\" sizes=\"auto, (max-width: 696px) 100vw, 696px\" alt=\"\" title=\"1\"\/><\/a><\/div>\n<div class=\"td-a-rec td-a-rec-id-content_top td_uid_30_5cfd7db6e3e8d_rand td_block_template_1\"><img loading=\"lazy\" decoding=\"async\" class=\"aligncenter size-full wp-image-4463\" src=\"https:\/\/www.sidwaya.info\/wp-content\/uploads\/2019\/02\/FESPACO-TOUR-2019-Bannie%CC%80re-728x90-1.jpg\" alt=\"\" width=\"728\" height=\"90\"\/><\/div>\n<p><strong>Le Burkina Faso et la R\u00e9publique d\u00e9mocratique du Congo ont fait match nul (0-0) hier dimanche 9 juin 2019 au stade municipal de Marbella, \u00e0 Malaga, en rencontre amicale. Les deux \u00e9quipes ont fait tourner leur effectif, la RDC pr\u00e9parant la phase finale de la CAN 2019.<\/strong><\/p>\n<p>L\u2019op\u00e9ration reconstruction des Etalons a d\u00e9but\u00e9 par un match nul, hier 9 juin 2019 \u00e0 Marbella, en Espagne. Le Burkina Faso y a affront\u00e9 en match amical la R\u00e9publique d\u00e9mocratique du Congo. Les deux pays n\u2019ont pu se d\u00e9partager \u00e0 l\u2019issue d\u2019un match anim\u00e9 dans l\u2019ensemble. Pour ce premier match apr\u00e8s celui qui a \u00e9limin\u00e9 les Etalons de la phase finale de la CAN face \u00e0 la Mauritanie (malgr\u00e9 une victoire 1 \u00e0 0), le s\u00e9lectionneur Paulo Duarte s\u2019est pr\u00e9sent\u00e9 d\u2019entr\u00e9e avec ses habituels titulaires. Cependant, il a op\u00e9r\u00e9 trois changements majeurs. Le jeune joueur de l\u2019Ajax d\u2019Amsterdam Franck Lassina Traor\u00e9 et l\u2019ancien ailier de l\u2019USO \u00c9ric Traor\u00e9 qui \u00e9volue aujourd\u2019hui \u00e0 Pyramid en Egypte ont \u00e9t\u00e9 associ\u00e9s en attaque avec le lyonnais Bertrand Traor\u00e9. En d\u00e9fense centrale, Dylan Ouedraogo a \u00e9volu\u00e9 aux c\u00f4t\u00e9s de Yssouf Dayo.<\/p>\n<p>Les Etalons avaient en face, les exp\u00e9riment\u00e9s congolais Youssuf Mulumbu et Tr\u00e9sor Mputu. Ce sont alors les L\u00e9opard qui prennent le contr\u00f4le du match d\u00e8s le coup d\u2019envoi de l\u2019arbitre Serbe, Danilon Grujic. Elia Meschack sur son c\u00f4t\u00e9 droit fait voir de toutes les couleurs Yacouba Coulibaly. Etrangement oubli\u00e9 par la d\u00e9fense burkinab\u00e8 au second poteau (4e mn), le remuant ailier congolais ajuste mal son plat du pied devant des buts ouverts. Les Congolais avec le m\u00e9tronome et capitaine Youssuf Mulumbu de m\u00eame que le technicien du TP Mazemb\u00e9 Tresor Mputu vont priver les Etalons de ballons. Le portier Herv\u00e9 Koffi est lui heureusement bien dans le match en remportant \u00e0 deux reprises son duel face \u00e0 l\u2019attaquant Congolais, C\u00e9drick Bakambu (9e et 13e mn).<\/p>\n<p>Au quart d\u2019heure de jeu, Blati Tour\u00e9 sonne la r\u00e9volte des Burkinab\u00e8. Il marque \u00e0 la culotte le strat\u00e8ge congolais Tr\u00e9sor Mputu, l\u2019emp\u00eachant d\u2019a\u00e9rer le jeu des L\u00e9opards. Les poulains de Paulo Duarte vont d\u2019ailleurs se cr\u00e9er leur occasion franche (17e mn) gr\u00e2ce \u00e0 une belle r\u00e9cup\u00e9ration de Blati qui lance Steeve Yago sur son c\u00f4t\u00e9 droit. Son bon centre \u00e0 l\u2019entr\u00e9e de la surface trouve Abdoul Razack Traor\u00e9 qui frappe mais le portier congolais est sur la trajectoire. D\u00e8s lors, les techniciens burkinab\u00e8 se retrouvent et cr\u00e9ent des mis\u00e8res aux Congolais. Le capitaine du jour, Bertrand Traor\u00e9, est \u00e0 la baguette. Razack et ses passes lasers cassent les lignes. Leurs deux jeunes co\u00e9quipiers (Franck Lassina Traor\u00e9 et Eric Traor\u00e9) bougent et pressent sur le front de l\u2019attaque. Ils se rendent plus disponibles et sont davantage trouv\u00e9s par Bertrand, Razack et Blati. L\u2019attaquant de l\u2019Ajax d\u2019Amsterdam, Franck Lassina Traor\u00e9 est contr\u00e9 in extremis, apr\u00e8s une belle combinaison avec Bertrand Traor\u00e9 (34e ). A la 37e mn, un corner de l\u2019attaquant lyonnais traverse toute la d\u00e9fense des L\u00e9opards, sans que Dayo, ni Eric Traor\u00e9 n\u2019arrivent \u00e0 mettre la balle au fond des filets. A part les passes approximatives de Dylan Ou\u00e9draogo et ses difficult\u00e9s dans le replacement d\u00e9fensif, les Etalons ont s\u00e9duit dans l\u2019ensemble le maigre public (compos\u00e9 essentiels d\u2019officiels) du stade municipal de Marbella.<\/p>\n<p>En d\u00e9but de seconde p\u00e9riode, Paulo Duarte va op\u00e9rer trois changements. Dylan Ou\u00e9draogo c\u00e8de sa place \u00e0 Edmond Tapsoba, Abou Quadir Ouattara remplace Franck Lassina Traor\u00e9 et le jeune lat\u00e9ral gauche de Salitas FC, Oulas Abass Traor\u00e9 f\u00eate sa premi\u00e8re s\u00e9lection en foulant la pelouse en remplacement de Yacouba Coulibaly. Avec ces changements, Bertrand est replac\u00e9 en pointe, Steeve Yago retrouve son c\u00f4t\u00e9 droit et Abou Ouattara est positionn\u00e9 \u00e0 l\u2019aile gauche. Les congolais font aussi le turn over, surtout qu\u2019ils pr\u00e9parent la phase finale de la CAN qui d\u00e9bute dans quelques jours en Egypte. Ces divers remplacements ont fait baiss\u00e9 l\u2019intensit\u00e9 de la rencontre. Le match va s\u2019achever sur un score nul et vierge.<br \/>Mais le staff burkinab\u00e8 qui a emprunt\u00e9 le chemin de la reconstruction est satisfait parce qu\u2019il a pu tester de nombreux jeunes comme Issa Kabor\u00e9 de Rahimo, Oulas Abass de Salitas, Eric Traor\u00e9, etc.<\/p>\n<p class=\"c1\"><strong>Si\u00e9 Simplice HIEN<\/strong><br \/><strong>\u00e0 Marbella en Espagne<\/strong><\/p>\n<div class=\"td-a-rec td-a-rec-id-content_bottom td_uid_31_5cfd7db6e4009_rand td_block_template_1\"><img loading=\"lazy\" decoding=\"async\" class=\"alignright size-full wp-image-1724\" src=\"https:\/\/www.sidwaya.info\/wp-content\/uploads\/2018\/12\/sidwaya-pub.jpg\" alt=\"\" width=\"720\" height=\"90\"\/><\/div>\n<p>Auteur: DD. Sidwaya<br \/>\n<a href=\"https:\/\/www.sidwaya.info\/blog\/2019\/06\/09\/burkina-faso-rdc-les-etalons-obtiennent-le-nul-en-espagne\/\">Cliquez ici pour lire l&rsquo;article depuis sa source.<\/a><\/p>\n","protected":false},"excerpt":{"rendered":"<p>Le Burkina Faso et la R\u00e9publique d\u00e9mocratique du Congo ont fait match nul (0-0) hier dimanche 9 juin 2019 au stade municipal de Marbella, \u00e0 Malaga, en rencontre amicale. Les deux \u00e9quipes ont fait tourner leur effectif, la RDC pr\u00e9parant la phase finale de la CAN 2019. L\u2019op\u00e9ration reconstruction des Etalons a d\u00e9but\u00e9 par un [&hellip;]<\/p>\n","protected":false},"author":1816,"featured_media":0,"comment_status":"closed","ping_status":"closed","sticky":false,"template":"","format":"standard","meta":{"fifu_image_url":"","fifu_image_alt":"","footnotes":""},"categories":[73,81],"tags":[],"class_list":["post-39648","post","type-post","status-publish","format-standard","hentry","category-actualite","category-burkina-faso"],"_links":{"self":[{"href":"https:\/\/linitiative.ca\/International\/wp-json\/wp\/v2\/posts\/39648","targetHints":{"allow":["GET"]}}],"collection":[{"href":"https:\/\/linitiative.ca\/International\/wp-json\/wp\/v2\/posts"}],"about":[{"href":"https:\/\/linitiative.ca\/International\/wp-json\/wp\/v2\/types\/post"}],"author":[{"embeddable":true,"href":"https:\/\/linitiative.ca\/International\/wp-json\/wp\/v2\/users\/1816"}],"replies":[{"embeddable":true,"href":"https:\/\/linitiative.ca\/International\/wp-json\/wp\/v2\/comments?post=39648"}],"version-history":[{"count":0,"href":"https:\/\/linitiative.ca\/International\/wp-json\/wp\/v2\/posts\/39648\/revisions"}],"wp:attachment":[{"href":"https:\/\/linitiative.ca\/International\/wp-json\/wp\/v2\/media?parent=39648"}],"wp:term":[{"taxonomy":"category","embeddable":true,"href":"https:\/\/linitiative.ca\/International\/wp-json\/wp\/v2\/categories?post=39648"},{"taxonomy":"post_tag","embeddable":true,"href":"https:\/\/linitiative.ca\/International\/wp-json\/wp\/v2\/tags?post=39648"}],"curies":[{"name":"wp","href":"https:\/\/api.w.org\/{rel}","templated":true}]}}