{"id":39657,"date":"2019-06-09T16:50:02","date_gmt":"2019-06-09T20:50:02","guid":{"rendered":"https:\/\/linitiative.ca\/International\/can-2019-les-23-ivoiriens-avec-nicolas-pepe-comme-fer-de-lance\/"},"modified":"2019-06-09T16:50:02","modified_gmt":"2019-06-09T20:50:02","slug":"can-2019-les-23-ivoiriens-avec-nicolas-pepe-comme-fer-de-lance","status":"publish","type":"post","link":"https:\/\/linitiative.ca\/International\/can-2019-les-23-ivoiriens-avec-nicolas-pepe-comme-fer-de-lance\/","title":{"rendered":"CAN-2019: les 23 Ivoiriens avec Nicolas P\u00e9p\u00e9 comme fer de lance"},"content":{"rendered":"<div readability=\"32\">\n<p>Publi\u00e9 le 09.06.2019 \u00e0 21h50 par AFP<\/p>\n<\/div>\n<div readability=\"119\">\n<p>Le s\u00e9lectionneur de la C\u00f4te d\u2019Ivoire Ibrahim Kamara a d\u00e9voil\u00e9 la liste des 23 joueurs pour la CAN-2019 en Egypte (21 juin-19 juillet), avec Nicolas P\u00e9p\u00e9 qui s\u2019affiche comme le leader d\u2019attaque des \u00ab\u00a0El\u00e9phants\u00a0\u00bb.<\/p>\n<p>Auteur d\u2019une belle saison avec son club de Lille (Ligue 1) avec \u00e0 la cl\u00e9 une qualification pour la prochaine Ligue des champions, P\u00e9p\u00e9 sera l\u2019une des attractions de la CAN-2019.<\/p>\n<p>P\u00e9p\u00e9 \u00e9tait d\u00e9j\u00e0 dans le groupe lors de la CAN-2017, mais n\u2019avait pas \u00e9t\u00e9 utilis\u00e9.<\/p>\n<p>Par rapport \u00e0 la pr\u00e9-liste de 27 joueurs publi\u00e9e le 29 mai, le d\u00e9fenseur Abdoulaye Bamba (SCO Angers\/FRA) et le milieu de terrain Isma\u00ebl Diomand\u00e9 (Caen\/FRA) en raison de blessure, le d\u00e9fenseur Simon D\u00e9li (Slavia Prague\/CZE) et l\u2019attaquant Yohan Boli (Saint Trond\/BEL) par choix du s\u00e9lectionneur, n\u2019ont pas \u00e9t\u00e9 retenus.<\/p>\n<p>En revanche, le d\u00e9fenseur Souleymane Doumbia (Stade Rennais\/FRA), appel\u00e9 de derni\u00e8re minute lors du stage de pr\u00e9paration des Ivoiriens en France, figure sur la liste des 23.<\/p>\n<p>Le revenant Wilfried Bony, champion d\u2019Afrique 2015, retenu \u00e0 la surprise g\u00e9n\u00e9rale dans la pr\u00e9liste de 27 joueurs, sera \u00e9galement \u00e0 CAN.<\/p>\n<p>\u00ab\u00a0Son profil m\u2019int\u00e9resse parce que c\u2019est quelqu\u2019un qui peut nous apporter des options dans l\u2019axe, servir de point de fixation, son jeu dos au but peut nous int\u00e9resser\u00a0\u00bb, a expliqu\u00e9 Ibrahim Kamara.<\/p>\n<p>\u00ab\u00a0Les El\u00e9phants\u00a0\u00bb miseront aussi sur l\u2019exp\u00e9rience des cadres habituels vainqueurs de la CAN-2015, Serge Aurier, d\u00e9sormais capitaine, Max-Alain Gradel, Serey Di\u00e9.<\/p>\n<p>Parmi les absents attendus, Eric Bailly, pilier de la d\u00e9fense ivoirienne, est forfait, en raison d\u2019une blessure au genou droit survenue fin avril avec son club de Manchester United, et le gardien de but Abdoul Karim Ciss\u00e9 (ASEC Mimosas\/CIV) \u00e9galement touch\u00e9 au genou droit.<\/p>\n<p>Les 23 Ivoiriens:<\/p>\n<p>Gardiens: Sylvain Gbohouo (TP Mazembe\/COD), Ali Badra (Free State Stars\/RSA), Eliezer Tap\u00e9 Ira (FC San Pedro\/CIV)<\/p>\n<p>D\u00e9fenseurs: Serge Aurier (Tottenham FC\/ENG), Mamadou Bagayoko (Red Star\/FRA), Wonlo Coulibaly (ASEC Mimosas\/CIV), Isma\u00ebl Traor\u00e9 (SCO Angers\/FRA), Wilfried Kanon (ADO la Haye\/NED), Cheick Comara (WAC\/MAR), Souleymane Doumbia (Stade Rennais\/FRA)<\/p>\n<p>Milieux de terrain: Franck Kessi\u00e9 (Milan AC\/ITA), Serey Di\u00e9 (Neuch\u00e2tel Xamax\/SUI), Jean Philippe Gbamin (Mayence\/GER), Jean-Micha\u00ebl S\u00e9ri (Fulham\/ENG), Ibrahim Sangar\u00e9 (Toulouse FC\/FRA), Victorien Angban (FC Metz\/FRA)<\/p>\n<p>Attaquants: Jonathan Kodjia (Aston Villa FC\/ENG), Max Alain Gradel (Toulouse FC\/FRA), Nicolas P\u00e9p\u00e9 (Lille\/FRA), Wilfried Zaha (Crystal Palace\/ENG), Maxwell Cornet (Lyon\/FRA), Roger Assal\u00e9 (Young Boys\/SUI), Wilfried Bony (Al Arabi SC\/QAT)<\/p>\n<\/div>\n<p>Auteur: AFP<br \/>\n<a href=\"https:\/\/www.journalducameroun.com\/can-2019-les-23-ivoiriens-avec-nicolas-pepe-comme-fer-de-lance\/\">Cliquez ici pour lire l&rsquo;article depuis sa source.<\/a><\/p>\n","protected":false},"excerpt":{"rendered":"<p>Publi\u00e9 le 09.06.2019 \u00e0 21h50 par AFP Le s\u00e9lectionneur de la C\u00f4te d\u2019Ivoire Ibrahim Kamara a d\u00e9voil\u00e9 la liste des 23 joueurs pour la CAN-2019 en Egypte (21 juin-19 juillet), avec Nicolas P\u00e9p\u00e9 qui s\u2019affiche comme le leader d\u2019attaque des \u00ab\u00a0El\u00e9phants\u00a0\u00bb. Auteur d\u2019une belle saison avec son club de Lille (Ligue 1) avec \u00e0 la [&hellip;]<\/p>\n","protected":false},"author":1965,"featured_media":0,"comment_status":"closed","ping_status":"closed","sticky":false,"template":"","format":"standard","meta":{"fifu_image_url":"","fifu_image_alt":"","footnotes":""},"categories":[73,82],"tags":[],"class_list":["post-39657","post","type-post","status-publish","format-standard","hentry","category-actualite","category-cameroun"],"_links":{"self":[{"href":"https:\/\/linitiative.ca\/International\/wp-json\/wp\/v2\/posts\/39657","targetHints":{"allow":["GET"]}}],"collection":[{"href":"https:\/\/linitiative.ca\/International\/wp-json\/wp\/v2\/posts"}],"about":[{"href":"https:\/\/linitiative.ca\/International\/wp-json\/wp\/v2\/types\/post"}],"author":[{"embeddable":true,"href":"https:\/\/linitiative.ca\/International\/wp-json\/wp\/v2\/users\/1965"}],"replies":[{"embeddable":true,"href":"https:\/\/linitiative.ca\/International\/wp-json\/wp\/v2\/comments?post=39657"}],"version-history":[{"count":0,"href":"https:\/\/linitiative.ca\/International\/wp-json\/wp\/v2\/posts\/39657\/revisions"}],"wp:attachment":[{"href":"https:\/\/linitiative.ca\/International\/wp-json\/wp\/v2\/media?parent=39657"}],"wp:term":[{"taxonomy":"category","embeddable":true,"href":"https:\/\/linitiative.ca\/International\/wp-json\/wp\/v2\/categories?post=39657"},{"taxonomy":"post_tag","embeddable":true,"href":"https:\/\/linitiative.ca\/International\/wp-json\/wp\/v2\/tags?post=39657"}],"curies":[{"name":"wp","href":"https:\/\/api.w.org\/{rel}","templated":true}]}}