{"id":39658,"date":"2019-06-09T17:18:04","date_gmt":"2019-06-09T21:18:04","guid":{"rendered":"https:\/\/linitiative.ca\/International\/presidentielle-mauritanienne-ould-boubacar-fustige-la-situation-economique-deterioree-dans-le-pays\/"},"modified":"2019-06-09T17:18:04","modified_gmt":"2019-06-09T21:18:04","slug":"presidentielle-mauritanienne-ould-boubacar-fustige-la-situation-economique-deterioree-dans-le-pays","status":"publish","type":"post","link":"https:\/\/linitiative.ca\/International\/presidentielle-mauritanienne-ould-boubacar-fustige-la-situation-economique-deterioree-dans-le-pays\/","title":{"rendered":"Pr\u00e9sidentielle mauritanienne : Ould Boubacar fustige la situation \u00e9conomique d\u00e9t\u00e9rior\u00e9e dans le pays"},"content":{"rendered":"<div readability=\"32\">\n<p>Publi\u00e9 le 09.06.2019 \u00e0 22h18 par APA News<\/p>\n<\/div>\n<div readability=\"55\">\n<p>Le candidat \u00e0 l\u2019\u00e9lection pr\u00e9sidentielle du 22 juin prochain en Mauritanie Sidi Mohamed Ould Boubacar a critiqu\u00e9 la situation \u00e9conomique qui pr\u00e9vaut dans le pays lors d\u2019un discours de campagne la nuit derni\u00e8re \u00e0 Aioun (est).Il a d\u00e9plor\u00e9 le montant exorbitant de la dette mauritanienne qui s\u2019\u00e9l\u00e8ve, selon lui, \u00e0 5 milliards de dollars. ce qui signifie selon lui que \u00ab chaque enfant mauritanien est endett\u00e9 de 450.000 anciennes ouguiya (1.200 dollars) \u00bb.<\/p>\n<p>Ould Boubacar a ajout\u00e9 que la mauvaise situation \u00e9conomique frappe le plus durement les zones de l\u2019est. Il a soulign\u00e9 que la ville d\u2019Aioun par exemple souffre de soif et d\u2019absence de services de sant\u00e9, avec une hausse vertigineuse des prix des transports port\u00e9s par ceux des hydrocarbures et les imp\u00f4ts.<\/p>\n<p>Pour lui, cette situation est imputable aux \u00ab\u00a0politiques improvis\u00e9es\u00a0\u00bb et au \u00ab\u00a0manque de planification\u00a0\u00bb dont le gouvernement porte enti\u00e8rement la responsabilit\u00e9.<\/p>\n<p>Le candidat a par ailleurs consid\u00e9r\u00e9 que son adversaire Mohamed Ould Ghazouani repr\u00e9sente une continuit\u00e9 de la voie qui a men\u00e9 \u00e0 cette situation d\u00e9plorable, en allusion \u00e0 l\u2019actuel pr\u00e9sident Mohamed Ould Abdel Aziz.<\/p>\n<p>Il a soulign\u00e9 que le public venu \u00e0 son meeting n\u2019est pas pouss\u00e9 par les pressions de la carotte et du b\u00e2ton mais plut\u00f4t par la conviction de la n\u00e9cessit\u00e9 du changement.<\/p>\n<\/div>\n<p>Auteur: APA News<br \/>\n<a href=\"https:\/\/www.journalducameroun.com\/presidentielle-mauritanienne-ould-boubacar-fustige-la-situation-economique-deterioree-dans-le-pays\/\">Cliquez ici pour lire l&rsquo;article depuis sa source.<\/a><\/p>\n","protected":false},"excerpt":{"rendered":"<p>Publi\u00e9 le 09.06.2019 \u00e0 22h18 par APA News Le candidat \u00e0 l\u2019\u00e9lection pr\u00e9sidentielle du 22 juin prochain en Mauritanie Sidi Mohamed Ould Boubacar a critiqu\u00e9 la situation \u00e9conomique qui pr\u00e9vaut dans le pays lors d\u2019un discours de campagne la nuit derni\u00e8re \u00e0 Aioun (est).Il a d\u00e9plor\u00e9 le montant exorbitant de la dette mauritanienne qui s\u2019\u00e9l\u00e8ve, [&hellip;]<\/p>\n","protected":false},"author":1965,"featured_media":0,"comment_status":"closed","ping_status":"closed","sticky":false,"template":"","format":"standard","meta":{"fifu_image_url":"","fifu_image_alt":"","footnotes":""},"categories":[73,82],"tags":[],"class_list":["post-39658","post","type-post","status-publish","format-standard","hentry","category-actualite","category-cameroun"],"_links":{"self":[{"href":"https:\/\/linitiative.ca\/International\/wp-json\/wp\/v2\/posts\/39658","targetHints":{"allow":["GET"]}}],"collection":[{"href":"https:\/\/linitiative.ca\/International\/wp-json\/wp\/v2\/posts"}],"about":[{"href":"https:\/\/linitiative.ca\/International\/wp-json\/wp\/v2\/types\/post"}],"author":[{"embeddable":true,"href":"https:\/\/linitiative.ca\/International\/wp-json\/wp\/v2\/users\/1965"}],"replies":[{"embeddable":true,"href":"https:\/\/linitiative.ca\/International\/wp-json\/wp\/v2\/comments?post=39658"}],"version-history":[{"count":0,"href":"https:\/\/linitiative.ca\/International\/wp-json\/wp\/v2\/posts\/39658\/revisions"}],"wp:attachment":[{"href":"https:\/\/linitiative.ca\/International\/wp-json\/wp\/v2\/media?parent=39658"}],"wp:term":[{"taxonomy":"category","embeddable":true,"href":"https:\/\/linitiative.ca\/International\/wp-json\/wp\/v2\/categories?post=39658"},{"taxonomy":"post_tag","embeddable":true,"href":"https:\/\/linitiative.ca\/International\/wp-json\/wp\/v2\/tags?post=39658"}],"curies":[{"name":"wp","href":"https:\/\/api.w.org\/{rel}","templated":true}]}}