{"id":39659,"date":"2019-06-09T17:18:06","date_gmt":"2019-06-09T21:18:06","guid":{"rendered":"https:\/\/linitiative.ca\/International\/presidentielle-mauritanienne-abeid-en-defenseur-des-couches-vulnerables\/"},"modified":"2019-06-09T17:18:06","modified_gmt":"2019-06-09T21:18:06","slug":"presidentielle-mauritanienne-abeid-en-defenseur-des-couches-vulnerables","status":"publish","type":"post","link":"https:\/\/linitiative.ca\/International\/presidentielle-mauritanienne-abeid-en-defenseur-des-couches-vulnerables\/","title":{"rendered":"Pr\u00e9sidentielle mauritanienne : Abeid en d\u00e9fenseur des couches vuln\u00e9rables"},"content":{"rendered":"<div readability=\"32\">\n<p>Publi\u00e9 le 09.06.2019 \u00e0 22h18 par APA News<\/p>\n<\/div>\n<div readability=\"59\">\n<p>Le candidat \u00e0 l\u2019\u00e9lection pr\u00e9sidentielle du 22 juin courant en Mauritanie Biram Dah Abeid a d\u00e9clar\u00e9 qu\u2019il continuera de d\u00e9fendre avec force tous les citoyens vuln\u00e9rables dans le pays quelles que soient les couches sociales auxquelles ils appartiennent.<\/p>\n<p>M. Abeid a tenu ces propos au cours d\u2019un meeting populaire tenu la nuit derni\u00e8re dans la ville d\u2019Aioun, dans l\u2019est mauritanien.<\/p>\n<p>Il a \u00e9galement d\u00e9nonc\u00e9 la gabegie qui a \u00ab\u00a0min\u00e9\u00a0\u00bb le pays pendant la d\u00e9cennie du r\u00e9gime du pr\u00e9sident sortant Mohamed Ould Abdel Aziz.<\/p>\n<p>Le candidat a notamment critiqu\u00e9 la \u00ab\u00a0hausse des prix, l\u2019absence de la sant\u00e9, le taux de ch\u00f4mage \u00e9lev\u00e9 et le niveau des salaires tr\u00e8s bas\u00a0\u00bb, consid\u00e9rant que des proches de Ould Abdel Aziz font main basse sur les ressources de la Mauritanie au d\u00e9triment du citoyen ordinaire.<\/p>\n<p>Il a par ailleurs soulign\u00e9 que c\u2019est le r\u00e9gime actuel qui consacre la discrimination en proc\u00e9dant, chaque semaine, \u00e0 la nomination dans de hautes fonctions de \u00ab\u00a0personnes issues d\u2019une seule ethnie\u00a0\u00bb.<\/p>\n<p>Issu de la communaut\u00e9 haratine (descendants d\u2019anciens esclaves), M. Abeid a en outre dit mener une bataille sans merci contre les politiques \u00e9conomiques et de marginalisation ainsi qu\u2019une lutte acharn\u00e9e contre l\u2019hypocrisie et l\u2019opportunisme politiques.<\/p>\n<\/div>\n<p>Auteur: APA News<br \/>\n<a href=\"https:\/\/www.journalducameroun.com\/presidentielle-mauritanienne-abeid-en-defenseur-des-couches-vulnerables\/\">Cliquez ici pour lire l&rsquo;article depuis sa source.<\/a><\/p>\n","protected":false},"excerpt":{"rendered":"<p>Publi\u00e9 le 09.06.2019 \u00e0 22h18 par APA News Le candidat \u00e0 l\u2019\u00e9lection pr\u00e9sidentielle du 22 juin courant en Mauritanie Biram Dah Abeid a d\u00e9clar\u00e9 qu\u2019il continuera de d\u00e9fendre avec force tous les citoyens vuln\u00e9rables dans le pays quelles que soient les couches sociales auxquelles ils appartiennent. M. Abeid a tenu ces propos au cours d\u2019un [&hellip;]<\/p>\n","protected":false},"author":1965,"featured_media":0,"comment_status":"closed","ping_status":"closed","sticky":false,"template":"","format":"standard","meta":{"fifu_image_url":"","fifu_image_alt":"","footnotes":""},"categories":[73,82],"tags":[],"class_list":["post-39659","post","type-post","status-publish","format-standard","hentry","category-actualite","category-cameroun"],"_links":{"self":[{"href":"https:\/\/linitiative.ca\/International\/wp-json\/wp\/v2\/posts\/39659","targetHints":{"allow":["GET"]}}],"collection":[{"href":"https:\/\/linitiative.ca\/International\/wp-json\/wp\/v2\/posts"}],"about":[{"href":"https:\/\/linitiative.ca\/International\/wp-json\/wp\/v2\/types\/post"}],"author":[{"embeddable":true,"href":"https:\/\/linitiative.ca\/International\/wp-json\/wp\/v2\/users\/1965"}],"replies":[{"embeddable":true,"href":"https:\/\/linitiative.ca\/International\/wp-json\/wp\/v2\/comments?post=39659"}],"version-history":[{"count":0,"href":"https:\/\/linitiative.ca\/International\/wp-json\/wp\/v2\/posts\/39659\/revisions"}],"wp:attachment":[{"href":"https:\/\/linitiative.ca\/International\/wp-json\/wp\/v2\/media?parent=39659"}],"wp:term":[{"taxonomy":"category","embeddable":true,"href":"https:\/\/linitiative.ca\/International\/wp-json\/wp\/v2\/categories?post=39659"},{"taxonomy":"post_tag","embeddable":true,"href":"https:\/\/linitiative.ca\/International\/wp-json\/wp\/v2\/tags?post=39659"}],"curies":[{"name":"wp","href":"https:\/\/api.w.org\/{rel}","templated":true}]}}