{"id":39690,"date":"2019-06-09T19:00:00","date_gmt":"2019-06-09T23:00:00","guid":{"rendered":"https:\/\/linitiative.ca\/International\/reconstruction-du-marche-des-trois-horloges-un-cout-de-40-milliards-de-centimes\/"},"modified":"2019-06-09T19:00:00","modified_gmt":"2019-06-09T23:00:00","slug":"reconstruction-du-marche-des-trois-horloges-un-cout-de-40-milliards-de-centimes","status":"publish","type":"post","link":"https:\/\/linitiative.ca\/International\/reconstruction-du-marche-des-trois-horloges-un-cout-de-40-milliards-de-centimes\/","title":{"rendered":"Reconstruction du march\u00e9 des Trois horloges   :  Un co\u00fbt de 40 milliards  de centimes"},"content":{"rendered":"<p>\u00a0Les services de la wilaya d\u2019Alger ont allou\u00e9 une enveloppe estim\u00e9e \u00e0 40 milliards de centimes, pour la reconstruction du march\u00e9 des \u00abTrois horloges\u00bb dans la commune de Bab El Oued, dont l\u2019\u00e9tude a \u00e9t\u00e9 finalis\u00e9e, a indiqu\u00e9 hier le wali d\u00e9l\u00e9gu\u00e9 de la circonscription administrative de Bab El Oued, Abdelaziz Othmane. Dans une d\u00e9claration \u00e0 l\u2019APS, le wali d\u00e9l\u00e9gu\u00e9 a pr\u00e9cis\u00e9 que l\u2019\u00e9tude relative au projet de reconstruction et d\u2019am\u00e9nagement du march\u00e9 des \u00abTrois horloges\u00bb dans l\u2019ancien quartier de Bab El Oued (au lieu d\u2019origine) \u00e9tait fin pr\u00eate, soulignant que ses services s\u2019attelaient \u00e0 \u00abl\u2019\u00e9laboration du cahier des charges en vue d\u2019engager les proc\u00e9dures techniques et administratives n\u00e9cessaires au lancement de l\u2019appel d\u2019offres et au choix de l\u2019entreprise qui sera charg\u00e9e de sa r\u00e9alisation dans les plus brefs d\u00e9lais\u00bb.<br \/>A cet effet, un montant de pr\u00e8s de 40 milliards de centimes, dont une contribution de la commune de Bab El Oued estim\u00e9e \u00e0 9 milliards de centimes, a \u00e9t\u00e9 allou\u00e9 \u00e0 ce projet\u00bb, a-t-il dit.<br \/>Le march\u00e9 des \u00abTrois Horloges\u00bb dans la commune de Bab el Oued avait \u00e9t\u00e9 d\u00e9moli, le 7 avril dernier, \u00e0 l\u2019issue des r\u00e9sultats du rapport d\u2019expertise r\u00e9alis\u00e9 par les services techniques au niveau de ce lieu tr\u00e8s fr\u00e9quent\u00e9, faisant \u00e9tat de fissures dans la structure de l\u2019\u00e9difice qui mena\u00e7ait ruine et qui a \u00e9t\u00e9 class\u00e9 rouge, car constituant un r\u00e9el danger pour la s\u00e9curit\u00e9 des citoyens, a rappel\u00e9 le responsable.<br \/>Avant la d\u00e9molition de ce march\u00e9, l\u2019\u00e9difice avait \u00e9t\u00e9 ferm\u00e9 et cl\u00f4tur\u00e9 d\u00e9but septembre 2018, durant une certaine p\u00e9riode, suite \u00e0 une d\u00e9cision de la wilaya, a-t-il poursuivi, pr\u00e9cisant que ses 291 commer\u00e7ants avaient \u00e9t\u00e9 transf\u00e9r\u00e9s temporairement vers le march\u00e9 Sa\u00efd Touati, en attendant la reconstruction du march\u00e9 au m\u00eame lieu. Ce projet, d\u2019une capacit\u00e9 d\u2019accueil de plus de 400 carr\u00e9s, sera conforme aux normes modernes, tout en conservant le m\u00eame style architectural, a estim\u00e9 M. Abdelaziz Othmane. Le projet sera dot\u00e9 de tous les moyens n\u00e9cessaires \u00e0 m\u00eame d\u2019assurer une bonne organisation des activit\u00e9s des commer\u00e7ants, sachant que les commer\u00e7ants transf\u00e9r\u00e9s vers le march\u00e9 de Sa\u00efd Touati b\u00e9n\u00e9ficieront de nouveaux carr\u00e9s, ainsi que 100 autres jeunes de la commune, dans le but d\u2019\u00e9radiquer les march\u00e9s parall\u00e8les et anarchiques, a-t-il soutenu.<br \/>\u00a0D\u2019apr\u00e8s le wali d\u00e9l\u00e9gu\u00e9, avec la r\u00e9ouverture du march\u00e9 des \u00abTrois Horloges\u00bb, la commune de Bab El Oued comptera trois march\u00e9s de proximit\u00e9, \u00e0 savoir : le march\u00e9 Stambouli (ex-Nelson), celui de Sa\u00efd Touati et celui des \u00abTrois Horloges\u00bb, en vue d\u2019assurer de vastes espaces commerciaux \u00e0 la population et ce dans le cadre des mesures visant l\u2019am\u00e9lioration des conditions de vie des citoyens. Situ\u00e9 au c\u0153ur du quartier populaire de Bab el Oued, ce march\u00e9 dont la construction remonte \u00e0 l\u2019\u00e8re coloniale constitue, depuis des ann\u00e9es, selon M. Abdelaziz Othmane , un v\u00e9ritable \u00abpoint noir\u00bb suscitant moult d\u00e9sagr\u00e9ments, tant pour les riverains que pour les automobilistes de passage, en raison des d\u00e9chets jet\u00e9s au quotidien, des amas de fruits et l\u00e9gumes et d\u2019autres produits, outre le vacarme dont p\u00e2tissent les r\u00e9sidents du quartier, de jour comme de nuit et les embouteillages tout au long de la semaine.<\/p>\n<p>Auteur: elmoudjahid<br \/>\n<a href=\"http:\/\/www.elmoudjahid.com\/fr\/actualites\/137881\">Cliquez ici pour lire l&rsquo;article depuis sa source.<\/a><\/p>\n","protected":false},"excerpt":{"rendered":"<p>\u00a0Les services de la wilaya d\u2019Alger ont allou\u00e9 une enveloppe estim\u00e9e \u00e0 40 milliards de centimes, pour la reconstruction du march\u00e9 des \u00abTrois horloges\u00bb dans la commune de Bab El Oued, dont l\u2019\u00e9tude a \u00e9t\u00e9 finalis\u00e9e, a indiqu\u00e9 hier le wali d\u00e9l\u00e9gu\u00e9 de la circonscription administrative de Bab El Oued, Abdelaziz Othmane. Dans une d\u00e9claration [&hellip;]<\/p>\n","protected":false},"author":1744,"featured_media":0,"comment_status":"closed","ping_status":"closed","sticky":false,"template":"","format":"standard","meta":{"fifu_image_url":"","fifu_image_alt":"","footnotes":""},"categories":[73,53],"tags":[],"class_list":["post-39690","post","type-post","status-publish","format-standard","hentry","category-actualite","category-algerie"],"_links":{"self":[{"href":"https:\/\/linitiative.ca\/International\/wp-json\/wp\/v2\/posts\/39690","targetHints":{"allow":["GET"]}}],"collection":[{"href":"https:\/\/linitiative.ca\/International\/wp-json\/wp\/v2\/posts"}],"about":[{"href":"https:\/\/linitiative.ca\/International\/wp-json\/wp\/v2\/types\/post"}],"author":[{"embeddable":true,"href":"https:\/\/linitiative.ca\/International\/wp-json\/wp\/v2\/users\/1744"}],"replies":[{"embeddable":true,"href":"https:\/\/linitiative.ca\/International\/wp-json\/wp\/v2\/comments?post=39690"}],"version-history":[{"count":0,"href":"https:\/\/linitiative.ca\/International\/wp-json\/wp\/v2\/posts\/39690\/revisions"}],"wp:attachment":[{"href":"https:\/\/linitiative.ca\/International\/wp-json\/wp\/v2\/media?parent=39690"}],"wp:term":[{"taxonomy":"category","embeddable":true,"href":"https:\/\/linitiative.ca\/International\/wp-json\/wp\/v2\/categories?post=39690"},{"taxonomy":"post_tag","embeddable":true,"href":"https:\/\/linitiative.ca\/International\/wp-json\/wp\/v2\/tags?post=39690"}],"curies":[{"name":"wp","href":"https:\/\/api.w.org\/{rel}","templated":true}]}}