{"id":39692,"date":"2019-06-10T06:00:00","date_gmt":"2019-06-10T10:00:00","guid":{"rendered":"https:\/\/linitiative.ca\/International\/biscothon\/"},"modified":"2019-06-10T06:00:00","modified_gmt":"2019-06-10T10:00:00","slug":"biscothon","status":"publish","type":"post","link":"https:\/\/linitiative.ca\/International\/biscothon\/","title":{"rendered":"Biscothon"},"content":{"rendered":"<p><em><strong>100 g de thon \u00e0 la tomate en bo\u00eete, 12 biscottes,\u00a015 g de farine, 15 g de beurre,\u00a020 cl de lait,\u00a050 g de fromage r\u00e2p\u00e9, poivre<\/strong><\/em><br \/>Pr\u00e9parer la b\u00e9chamel en faisant fondre le beurre dans une casserole, ajouter la farine, bien fouetter pendant 1 min. Puis d&rsquo;un coup sec verser le lait tout en continuant de fouetter. D\u00e8s \u00e9paississement, arr\u00eater le feu. Poivrer. Pr\u00e9chauffer le four \u00e0 180\u00b0C. M\u00e9langer la b\u00e9chamel avec le thon et le fromage r\u00e2p\u00e9. D\u00e9poser g\u00e9n\u00e9reusement cette pr\u00e9paration sur les biscottes. Enfourner pour 15 min. D\u00e9guster ti\u00e8de ou froid.<\/p>\n<p>Auteur:<br \/>\n<a href=\"https:\/\/www.lesoirdalgerie.com\/femme-magazine\/biscothon-25119\">Cliquez ici pour lire l&rsquo;article depuis sa source.<\/a><\/p>\n","protected":false},"excerpt":{"rendered":"<p>100 g de thon \u00e0 la tomate en bo\u00eete, 12 biscottes,\u00a015 g de farine, 15 g de beurre,\u00a020 cl de lait,\u00a050 g de fromage r\u00e2p\u00e9, poivrePr\u00e9parer la b\u00e9chamel en faisant fondre le beurre dans une casserole, ajouter la farine, bien fouetter pendant 1 min. Puis d&rsquo;un coup sec verser le lait tout en continuant de [&hellip;]<\/p>\n","protected":false},"author":1741,"featured_media":0,"comment_status":"closed","ping_status":"closed","sticky":false,"template":"","format":"standard","meta":{"fifu_image_url":"","fifu_image_alt":"","footnotes":""},"categories":[73,53],"tags":[],"class_list":["post-39692","post","type-post","status-publish","format-standard","hentry","category-actualite","category-algerie"],"_links":{"self":[{"href":"https:\/\/linitiative.ca\/International\/wp-json\/wp\/v2\/posts\/39692","targetHints":{"allow":["GET"]}}],"collection":[{"href":"https:\/\/linitiative.ca\/International\/wp-json\/wp\/v2\/posts"}],"about":[{"href":"https:\/\/linitiative.ca\/International\/wp-json\/wp\/v2\/types\/post"}],"author":[{"embeddable":true,"href":"https:\/\/linitiative.ca\/International\/wp-json\/wp\/v2\/users\/1741"}],"replies":[{"embeddable":true,"href":"https:\/\/linitiative.ca\/International\/wp-json\/wp\/v2\/comments?post=39692"}],"version-history":[{"count":0,"href":"https:\/\/linitiative.ca\/International\/wp-json\/wp\/v2\/posts\/39692\/revisions"}],"wp:attachment":[{"href":"https:\/\/linitiative.ca\/International\/wp-json\/wp\/v2\/media?parent=39692"}],"wp:term":[{"taxonomy":"category","embeddable":true,"href":"https:\/\/linitiative.ca\/International\/wp-json\/wp\/v2\/categories?post=39692"},{"taxonomy":"post_tag","embeddable":true,"href":"https:\/\/linitiative.ca\/International\/wp-json\/wp\/v2\/tags?post=39692"}],"curies":[{"name":"wp","href":"https:\/\/api.w.org\/{rel}","templated":true}]}}