{"id":39698,"date":"2019-06-09T19:00:00","date_gmt":"2019-06-09T23:00:00","guid":{"rendered":"https:\/\/linitiative.ca\/International\/situation-politique-restaurer-la-confiance\/"},"modified":"2019-06-09T19:00:00","modified_gmt":"2019-06-09T23:00:00","slug":"situation-politique-restaurer-la-confiance","status":"publish","type":"post","link":"https:\/\/linitiative.ca\/International\/situation-politique-restaurer-la-confiance\/","title":{"rendered":"Situation  politique : Restaurer la confiance"},"content":{"rendered":"<p><strong>De rebondissement en rebondissement, l\u2019\u00e9volution du contexte politique fait que la crise a propuls\u00e9 le pays dans une nouvelle phase, avec ses exigences, ses al\u00e9as et in\u00e9vitablement ses retomb\u00e9es sur l\u2019avenir,\u00a0 autant en termes de stabilit\u00e9 social qu\u2019\u00e9conomique.<\/strong><\/p>\n<p>En effet, depuis la d\u00e9cision du Conseil constitutionnel, qui a invalid\u00e9, en d\u00e9but de ce mois, les deux dossiers de candidatures de la pr\u00e9sidentielle de 4 juillet, certifiant du fait du report de ce scrutin tant les conditions y aff\u00e9rentes ne s\u2019y pr\u00eatent pas, les conditions en question ont \u00e9t\u00e9 clairement mises en valeur dans le\u00a0 dernier discours du chef de l\u2019\u00c9tat adress\u00e9 \u00e0 la nation, qui, en la mati\u00e8re, a prioris\u00e9 la restauration de la confiance et la mobilisation des forces patriotiques autour d\u2019un dialogue inclusif, sinc\u00e8re et serein, dans le seul objectif de parvenir \u00e0 un\u00a0 large consensus, soit une entente collective sur la feuille de route \u00e0 mettre en ex\u00e9cution pour transcender la situation actuelle. Le chef de l\u2019\u00c9tat a donc de nouveau appel\u00e9 les partis politiques, repr\u00e9sentants de la soci\u00e9t\u00e9 civile et les personnalit\u00e9s nationales \u00e0 adh\u00e9rer \u00e0 ce\u00a0 processus consensuel, \u00abet \u00e0 faire valoir la sagesse et l\u2019int\u00e9r\u00eat du peuple, tant dans leurs d\u00e9bats que dans leur revendications\u00bb. La finalit\u00e9 \u00e9tant d\u2019aller vers un scrutin pr\u00e9sidentiel consacrant un nouveau d\u00e9part pour le pays sur des bases d\u00e9mocratiques respectant la souverainet\u00e9 populaire, le chef de l\u2019\u00c9tat s\u2019est aussi engag\u00e9, \u00e0 ce propos, \u00e0 r\u00e9unir les conditions indispensables, ainsi que les m\u00e9canismes les mieux adapt\u00e9s pour r\u00e9ussir ce rendez-vous des urnes. Celui-ci sera donc le\u00a0 troisi\u00e8me \u00e0 initier successivement apr\u00e8s l\u2019annulation de deux pr\u00e9sidentielles qui devaient se tenir, pour l\u2019une le 18 avril 2018 et, pour l\u2019autre, le 4 juillet 2019.<br \/>Les r\u00e9actions de la classe politique \u00e0 l\u2019appel au dialogue et \u00e0 la concertation lanc\u00e9 par M. Bensalah ont \u00e9t\u00e9\u00a0 nombreuses. Certains approuvent l\u2019id\u00e9e, voire la n\u00e9cessit\u00e9 de se mettre\u00a0 autour\u00a0 d\u2019une\u00a0 table\u00a0 et d\u00e9battre de l\u2019Alg\u00e9rie de demain, alors que d\u2019autres s\u2019obstinent \u00e0 camper sur leurs positions ant\u00e9rieurement exprim\u00e9es sur la question, \u00e0 savoir le\u00a0 refus de\u00a0 dialogue. Pourtant, les uns et les autres s\u2019accordent sur le fait qu\u2019il y a urgence d\u2019ouvrir\u00a0 la\u00a0\u00a0 concertation qui demeure la voie la plus s\u00fbre pour solutionner la crise actuelle, non sans cristalliser les revendications du peuple. Toutefois, on constate chez les positions de\u00a0 certains, cette \u00e9trange attitude d\u2019\u00e9couter sans entendre, sinon un empressement \u00e0 calculer l\u2019\u00e9chec \u00e0 l\u2019avance. En la mati\u00e8re, on est tent\u00e9 de citer deux exemples \u00e9difiants. Le premier se rapporte \u00e0 la r\u00e9action du parti Jil Jadid, o\u00f9 il affirme que la \u00abseule issue pour les\u00a0 tenants du r\u00e9gime et de remettre le pouvoir au peuple\u00bb.<br \/>Or, c\u2019est\u00a0 exactement ce qu\u2019a soulign\u00e9 le chef de l\u2019\u00c9tat, dans son discours en parlant de l\u2019organisation d\u2019une \u00e9lection pr\u00e9sidentielle, exactement \u00abcomme souhait\u00e9e par le peuple\u00bb. Le second exemple est relatif \u00e0 la r\u00e9action du\u00a0 FFS, o\u00f9 le plus vieux parti de l\u2019opposition a insist\u00e9 sur \u00abun vrai dialogue inclusif et responsable, pour la construction d\u2019un \u00c9tat de droit\u00bb. L\u00e0 encore, c\u2019est l\u2019engagement dont\u00a0 a fait\u00a0 part solennellement M. Bensalah, sauf que le FFS semble aller trop vite dans son appr\u00e9ciation, lui qui pr\u00e9dit le fiasco avant de s\u2019impr\u00e9gner des donn\u00e9es organisationnelles\u00a0 de ces concertations. Pendant ce temps, la soci\u00e9t\u00e9 civile s\u2019appr\u00eate \u00e0 finaliser les pr\u00e9paratifs d\u2019une\u00a0 conf\u00e9rence\u00a0 nationale, pr\u00e9vue le 15 juin, afin d\u2019aboutir \u00e0 \u00abune feuille de route\u00bb pour sortir de la crise que vit le pays et qui sera pr\u00e9sent\u00e9e, par la suite, \u00e0 la classe politique.\u00a0 Plus de 500 personnes repr\u00e9sentant pr\u00e8s de 40 syndicats, associations et organisations nationales devront prendre\u00a0 part\u00a0 \u00e0\u00a0 ce rendez-vous. D\u2019autre part, le projet de loi d\u00e9finissant les modalit\u00e9s de\u00a0 la mise en\u00a0 place d\u2019une commission ind\u00e9pendante qui sera charg\u00e9e de l\u2019organisation et du contr\u00f4le de l\u2019\u00e9lection pr\u00e9sidentielle est sur le point d\u2019\u00eatre finalis\u00e9. C\u2019est dire que le fait d\u2019aller vers une solution\u00a0 consensuelle\u00a0 \u00e0 la\u00a0 crise actuelle n\u2019est pas hors de port\u00e9e. Tout est une question de\u00a0 confiance\u00a0! \u00a0<br \/>\u00a0Karim Aoudia\u00a0<\/p>\n<p>Auteur: elmoudjahid<br \/>\n<a href=\"http:\/\/www.elmoudjahid.com\/fr\/actualites\/137882\">Cliquez ici pour lire l&rsquo;article depuis sa source.<\/a><\/p>\n","protected":false},"excerpt":{"rendered":"<p>De rebondissement en rebondissement, l\u2019\u00e9volution du contexte politique fait que la crise a propuls\u00e9 le pays dans une nouvelle phase, avec ses exigences, ses al\u00e9as et in\u00e9vitablement ses retomb\u00e9es sur l\u2019avenir,\u00a0 autant en termes de stabilit\u00e9 social qu\u2019\u00e9conomique. En effet, depuis la d\u00e9cision du Conseil constitutionnel, qui a invalid\u00e9, en d\u00e9but de ce mois, les [&hellip;]<\/p>\n","protected":false},"author":1744,"featured_media":0,"comment_status":"closed","ping_status":"closed","sticky":false,"template":"","format":"standard","meta":{"fifu_image_url":"","fifu_image_alt":"","footnotes":""},"categories":[73,53],"tags":[],"class_list":["post-39698","post","type-post","status-publish","format-standard","hentry","category-actualite","category-algerie"],"_links":{"self":[{"href":"https:\/\/linitiative.ca\/International\/wp-json\/wp\/v2\/posts\/39698","targetHints":{"allow":["GET"]}}],"collection":[{"href":"https:\/\/linitiative.ca\/International\/wp-json\/wp\/v2\/posts"}],"about":[{"href":"https:\/\/linitiative.ca\/International\/wp-json\/wp\/v2\/types\/post"}],"author":[{"embeddable":true,"href":"https:\/\/linitiative.ca\/International\/wp-json\/wp\/v2\/users\/1744"}],"replies":[{"embeddable":true,"href":"https:\/\/linitiative.ca\/International\/wp-json\/wp\/v2\/comments?post=39698"}],"version-history":[{"count":0,"href":"https:\/\/linitiative.ca\/International\/wp-json\/wp\/v2\/posts\/39698\/revisions"}],"wp:attachment":[{"href":"https:\/\/linitiative.ca\/International\/wp-json\/wp\/v2\/media?parent=39698"}],"wp:term":[{"taxonomy":"category","embeddable":true,"href":"https:\/\/linitiative.ca\/International\/wp-json\/wp\/v2\/categories?post=39698"},{"taxonomy":"post_tag","embeddable":true,"href":"https:\/\/linitiative.ca\/International\/wp-json\/wp\/v2\/tags?post=39698"}],"curies":[{"name":"wp","href":"https:\/\/api.w.org\/{rel}","templated":true}]}}