{"id":39699,"date":"2019-06-09T15:45:00","date_gmt":"2019-06-09T19:45:00","guid":{"rendered":"https:\/\/linitiative.ca\/International\/mascara-incendie-dune-mosquee-en-cours-de-realisation\/"},"modified":"2019-06-09T15:45:00","modified_gmt":"2019-06-09T19:45:00","slug":"mascara-incendie-dune-mosquee-en-cours-de-realisation","status":"publish","type":"post","link":"https:\/\/linitiative.ca\/International\/mascara-incendie-dune-mosquee-en-cours-de-realisation\/","title":{"rendered":"MASCARA : Incendie d\u2019une mosqu\u00e9e en cours de r\u00e9alisation"},"content":{"rendered":"<p><br id=\"sep_para_1\" class=\"sep_para access\"\/><\/p>\n<div id=\"para_1\" class=\"para_31621295 resize\">\n<div class=\"photo shadow left\"><a href=\"javascript:void(0)\" rel=\"https:\/\/www.reflexiondz.net\/photo\/art\/grande\/34627027-31621295.jpg?v=1560111228&#038;ibox\" title=\"MASCARA : Incendie d\u2019une mosqu\u00e9e en cours de r\u00e9alisation\"><img decoding=\"async\" class=\"responsive c9\" src=\"https:\/\/www.reflexiondz.net\/photo\/art\/grande\/34627027-31621295.jpg?v=1560111228\" alt=\"MASCARA : Incendie d\u2019une mosqu\u00e9e en cours de r\u00e9alisation\" title=\"MASCARA : Incendie d\u2019une mosqu\u00e9e en cours de r\u00e9alisation\"\/><img decoding=\"async\" class=\"not-responsive\" src=\"https:\/\/www.reflexiondz.net\/photo\/art\/default\/34627027-31621295.jpg?v=1560111230\" alt=\"MASCARA : Incendie d\u2019une mosqu\u00e9e en cours de r\u00e9alisation\" title=\"MASCARA : Incendie d\u2019une mosqu\u00e9e en cours de r\u00e9alisation\"\/><\/a><\/div>\n<div class=\"texte access firstletter\">Aujourd\u2019hui, tout le monde ne cesse de\u00a0 se poser\u00a0 la question sur\u00a0 l\u2019incendie\u00a0 survenu \u00e0 la mosqu\u00e9e, cet acte se consid\u00e8re\u00a0 par certains, plus comme un acte criminel qu\u2019accidentel. En effet, cette\u00a0 mosqu\u00e9e en cours\u00a0 de r\u00e9alisation vient de faire l\u2019objet d\u2019un incendie qui a ravag\u00e9 la coupole de\u00a0 cette derni\u00e8re\u00a0 mais l\u2019incendie s\u2019est av\u00e9r\u00e9 tr\u00e8s fort alors que cette coupole est faite de ciment et autres produits en ciment n\u2019ont pu lui r\u00e9sister , les flammes qui jaillissaient des lieux donnaient l\u2019impression d\u2019une station d\u2019essence en\u00a0 plein incendie. Alors, y- a-t-il une main criminelle derri\u00e8re cet incendie, l\u2019enqu\u00eate\u00a0 qui demeure en cours, finira-t-elle\u00a0 par r\u00e9v\u00e9ler\u00a0 les tenants et les aboutissants de cet\u00a0 acte si vil.\u00a0\u00a0\u00a0\u00a0\u00a0\u00a0\u00a0\u00a0\u00a0\u00a0\u00a0\u00a0\u00a0\u00a0\u00a0\u00a0\u00a0\u00a0\u00a0\u00a0\u00a0\u00a0<\/div>\n<\/div>\n<p>Auteur: B.Boufaden<br \/>\n<a href=\"https:\/\/www.reflexiondz.net\/MASCARA-Incendie-d-une-mosquee-en-cours-de-realisation_a56118.html\">Cliquez ici pour lire l&rsquo;article depuis sa source.<\/a><\/p>\n","protected":false},"excerpt":{"rendered":"<p>Aujourd\u2019hui, tout le monde ne cesse de\u00a0 se poser\u00a0 la question sur\u00a0 l\u2019incendie\u00a0 survenu \u00e0 la mosqu\u00e9e, cet acte se consid\u00e8re\u00a0 par certains, plus comme un acte criminel qu\u2019accidentel. En effet, cette\u00a0 mosqu\u00e9e en cours\u00a0 de r\u00e9alisation vient de faire l\u2019objet d\u2019un incendie qui a ravag\u00e9 la coupole de\u00a0 cette derni\u00e8re\u00a0 mais l\u2019incendie s\u2019est av\u00e9r\u00e9 [&hellip;]<\/p>\n","protected":false},"author":1740,"featured_media":0,"comment_status":"closed","ping_status":"closed","sticky":false,"template":"","format":"standard","meta":{"fifu_image_url":"","fifu_image_alt":"","footnotes":""},"categories":[53,76],"tags":[],"class_list":["post-39699","post","type-post","status-publish","format-standard","hentry","category-algerie","category-regions"],"_links":{"self":[{"href":"https:\/\/linitiative.ca\/International\/wp-json\/wp\/v2\/posts\/39699","targetHints":{"allow":["GET"]}}],"collection":[{"href":"https:\/\/linitiative.ca\/International\/wp-json\/wp\/v2\/posts"}],"about":[{"href":"https:\/\/linitiative.ca\/International\/wp-json\/wp\/v2\/types\/post"}],"author":[{"embeddable":true,"href":"https:\/\/linitiative.ca\/International\/wp-json\/wp\/v2\/users\/1740"}],"replies":[{"embeddable":true,"href":"https:\/\/linitiative.ca\/International\/wp-json\/wp\/v2\/comments?post=39699"}],"version-history":[{"count":0,"href":"https:\/\/linitiative.ca\/International\/wp-json\/wp\/v2\/posts\/39699\/revisions"}],"wp:attachment":[{"href":"https:\/\/linitiative.ca\/International\/wp-json\/wp\/v2\/media?parent=39699"}],"wp:term":[{"taxonomy":"category","embeddable":true,"href":"https:\/\/linitiative.ca\/International\/wp-json\/wp\/v2\/categories?post=39699"},{"taxonomy":"post_tag","embeddable":true,"href":"https:\/\/linitiative.ca\/International\/wp-json\/wp\/v2\/tags?post=39699"}],"curies":[{"name":"wp","href":"https:\/\/api.w.org\/{rel}","templated":true}]}}