{"id":39700,"date":"2019-06-10T04:23:30","date_gmt":"2019-06-10T08:23:30","guid":{"rendered":"https:\/\/linitiative.ca\/International\/90416-football-le-portugal-remporte-la-1re-edition-de-la-ligue-des-nations\/"},"modified":"2019-06-10T04:23:30","modified_gmt":"2019-06-10T08:23:30","slug":"90416-football-le-portugal-remporte-la-1re-edition-de-la-ligue-des-nations","status":"publish","type":"post","link":"https:\/\/linitiative.ca\/International\/90416-football-le-portugal-remporte-la-1re-edition-de-la-ligue-des-nations\/","title":{"rendered":"Football : le Portugal remporte la 1re \u00e9dition de la Ligue des nations"},"content":{"rendered":"<div>\n<div class=\"K2FeedImage\"><img decoding=\"async\" src=\"http:\/\/www.aps.dz\/media\/k2\/items\/cache\/615df26d9fa5e785da904c45f36828aa_S.jpg\" alt=\"Football : le Portugal remporte la 1re \u00e9dition de la Ligue des nations\"><\/div>\n<div class=\"K2FeedIntroText\">\n<p><strong>PORTO &#8211; Le Portugal a remport\u00e9 la premi\u00e8re \u00e9dition de la Ligue des nations, en battant dimanche les Pays-Bas (1-0) devant son public de Porto.<\/strong><\/p>\n<\/div>\n<div class=\"K2FeedFullText\">\n<p>Un but de Gon\u00e7alo Guedes \u00e0 l&rsquo;heure de jeu (60e) a suffi aux Portugais pour enlever cette finale pr\u00e8s de trois ans apr\u00e8s le sacre de la Selec\u00e7ao en France \u00e0 l&rsquo;Euro-2016, et 15 ans apr\u00e8s son \u00e9chec en finale de l&rsquo;Euro-2004 \u00e0 domicile, contre la Gr\u00e8ce.<\/p>\n<p>Ce sacre est le deuxi\u00e8me troph\u00e9e officiel du Portugal et le deuxi\u00e8me aussi pour sa star Cristiano Ronaldo apr\u00e8s l&rsquo;Euro-2016.<\/p>\n<\/div>\n<p><img loading=\"lazy\" decoding=\"async\" src=\"http:\/\/feeds.feedburner.com\/~r\/aps-sport\/~4\/UCCAnExZ4Zs\" height=\"1\" width=\"1\" alt=\"\"><\/div>\n<p>Auteur:<br \/>\n<a href=\"http:\/\/www.aps.dz\/sport\/90416-football-le-portugal-remporte-la-1re-edition-de-la-ligue-des-nations?utm_source=feedburner&#038;utm_medium=feed&#038;utm_campaign=Feed%3A+aps-sport+%28APS+-+SPORT%29\">Cliquez ici pour lire l&rsquo;article depuis sa source.<\/a><\/p>\n","protected":false},"excerpt":{"rendered":"<p>PORTO &#8211; Le Portugal a remport\u00e9 la premi\u00e8re \u00e9dition de la Ligue des nations, en battant dimanche les Pays-Bas (1-0) devant son public de Porto. Un but de Gon\u00e7alo Guedes \u00e0 l&rsquo;heure de jeu (60e) a suffi aux Portugais pour enlever cette finale pr\u00e8s de trois ans apr\u00e8s le sacre de la Selec\u00e7ao en France [&hellip;]<\/p>\n","protected":false},"author":1790,"featured_media":39703,"comment_status":"closed","ping_status":"closed","sticky":false,"template":"","format":"standard","meta":{"fifu_image_url":"","fifu_image_alt":"","footnotes":""},"categories":[53,75],"tags":[],"class_list":["post-39700","post","type-post","status-publish","format-standard","has-post-thumbnail","hentry","category-algerie","category-sport"],"_links":{"self":[{"href":"https:\/\/linitiative.ca\/International\/wp-json\/wp\/v2\/posts\/39700","targetHints":{"allow":["GET"]}}],"collection":[{"href":"https:\/\/linitiative.ca\/International\/wp-json\/wp\/v2\/posts"}],"about":[{"href":"https:\/\/linitiative.ca\/International\/wp-json\/wp\/v2\/types\/post"}],"author":[{"embeddable":true,"href":"https:\/\/linitiative.ca\/International\/wp-json\/wp\/v2\/users\/1790"}],"replies":[{"embeddable":true,"href":"https:\/\/linitiative.ca\/International\/wp-json\/wp\/v2\/comments?post=39700"}],"version-history":[{"count":0,"href":"https:\/\/linitiative.ca\/International\/wp-json\/wp\/v2\/posts\/39700\/revisions"}],"wp:featuredmedia":[{"embeddable":true,"href":"https:\/\/linitiative.ca\/International\/wp-json\/"}],"wp:attachment":[{"href":"https:\/\/linitiative.ca\/International\/wp-json\/wp\/v2\/media?parent=39700"}],"wp:term":[{"taxonomy":"category","embeddable":true,"href":"https:\/\/linitiative.ca\/International\/wp-json\/wp\/v2\/categories?post=39700"},{"taxonomy":"post_tag","embeddable":true,"href":"https:\/\/linitiative.ca\/International\/wp-json\/wp\/v2\/tags?post=39700"}],"curies":[{"name":"wp","href":"https:\/\/api.w.org\/{rel}","templated":true}]}}