{"id":39704,"date":"2019-06-10T07:22:00","date_gmt":"2019-06-10T11:22:00","guid":{"rendered":"https:\/\/linitiative.ca\/International\/liberte-cible-dune-manipulation-grossiere\/"},"modified":"2019-06-10T07:22:00","modified_gmt":"2019-06-10T11:22:00","slug":"liberte-cible-dune-manipulation-grossiere","status":"publish","type":"post","link":"https:\/\/linitiative.ca\/International\/liberte-cible-dune-manipulation-grossiere\/","title":{"rendered":"\u201cLibert\u00e9\u201d, cible d\u2019une manipulation grossi\u00e8re"},"content":{"rendered":"<div id=\"originalText\" readability=\"62\">\n<p class=\"c10\">Depuis hier 9 juin 2019, un enregistrement sonore impliquant deux personnes inconnues, un homme et une femme, se parlant au t\u00e9l\u00e9phone, est diffus\u00e9 sur les r\u00e9seaux sociaux. Si aucune indication n\u2019est donn\u00e9e sur l\u2019identit\u00e9 de l\u2019homme, la femme, elle, est pr\u00e9sent\u00e9e par la personne qui a diffus\u00e9 l\u2019enregistrement comme \u00e9tant \u201cune journaliste de Libert\u00e9\u201d, dont le pr\u00e9nom serait \u201cFeriel\u201d. En \u00e9coutant l\u2019\u00e9change entre les deux individus qui semblent bien se conna\u00eetre, on comprend que l\u2019homme demande \u00e0 la femme d\u2019agir dans le but de pi\u00e9ger un certain \u201cAmir\u201d. L\u2019homme a \u00e9galement demand\u00e9 \u00e0 la femme de \u201cs\u2019occuper\u201d d\u2019un certain \u201cOussama Ouahid\u201d.<\/p>\n<p class=\"c10\">La direction de Libert\u00e9 tient \u00e0 d\u00e9mentir l\u2019existence, parmi les effectifs de la r\u00e9daction du journal, de toute journaliste portant le pr\u00e9nom \u201cFeriel\u201d et affirme, par ailleurs, qu\u2019aucun(e) de ses journalistes n\u2019utilise ce pr\u00e9nom sous un quelconque pseudonyme. \u00c0 l\u2019\u00e9vidence, il s\u2019agit d\u2019une op\u00e9ration malveillante qui vise manifestement, et par-dessus tout, \u00e0 porter atteinte au journal Libert\u00e9 en l\u2019impliquant, malgr\u00e9 lui, dans une man\u0153uvre aussi scabreuse qu\u2019indigne. Tout en assurant que le respect des r\u00e8gles de l\u2019\u00e9thique et du professionnalisme constitue, pour nous, un souci permanent et un engagement moral que nos journalistes \u0153uvrent \u00e0 honorer au quotidien, Libert\u00e9 se r\u00e9serve le droit de saisir la justice pour demander l\u2019ouverture d\u2019une enqu\u00eate judiciaire, afin que les auteurs de cette manipulation grossi\u00e8re soient d\u00e9masqu\u00e9s et punis conform\u00e9ment \u00e0 la loi.\u00a0<\/p>\n<p class=\"c10\">\u00a0<\/p>\n<p class=\"c11\"><strong>Libert\u00e9<\/strong><\/p>\n<\/div>\n<div id=\"text_core\" readability=\"62\">\n<p class=\"c10\">Depuis hier 9 juin 2019, un enregistrement sonore impliquant deux personnes inconnues, un homme et une femme, se parlant au t\u00e9l\u00e9phone, est diffus\u00e9 sur les r\u00e9seaux sociaux. Si aucune indication n\u2019est donn\u00e9e sur l\u2019identit\u00e9 de l\u2019homme, la femme, elle, est pr\u00e9sent\u00e9e par la personne qui a diffus\u00e9 l\u2019enregistrement comme \u00e9tant \u201cune journaliste de Libert\u00e9\u201d, dont le pr\u00e9nom serait \u201cFeriel\u201d. En \u00e9coutant l\u2019\u00e9change entre les deux individus qui semblent bien se conna\u00eetre, on comprend que l\u2019homme demande \u00e0 la femme d\u2019agir dans le but de pi\u00e9ger un certain \u201cAmir\u201d. L\u2019homme a \u00e9galement demand\u00e9 \u00e0 la femme de \u201cs\u2019occuper\u201d d\u2019un certain \u201cOussama Ouahid\u201d.<\/p>\n<p class=\"c10\">La direction de Libert\u00e9 tient \u00e0 d\u00e9mentir l\u2019existence, parmi les effectifs de la r\u00e9daction du journal, de toute journaliste portant le pr\u00e9nom \u201cFeriel\u201d et affirme, par ailleurs, qu\u2019aucun(e) de ses journalistes n\u2019utilise ce pr\u00e9nom sous un quelconque pseudonyme. \u00c0 l\u2019\u00e9vidence, il s\u2019agit d\u2019une op\u00e9ration malveillante qui vise manifestement, et par-dessus tout, \u00e0 porter atteinte au journal Libert\u00e9 en l\u2019impliquant, malgr\u00e9 lui, dans une man\u0153uvre aussi scabreuse qu\u2019indigne. Tout en assurant que le respect des r\u00e8gles de l\u2019\u00e9thique et du professionnalisme constitue, pour nous, un souci permanent et un engagement moral que nos journalistes \u0153uvrent \u00e0 honorer au quotidien, Libert\u00e9 se r\u00e9serve le droit de saisir la justice pour demander l\u2019ouverture d\u2019une enqu\u00eate judiciaire, afin que les auteurs de cette manipulation grossi\u00e8re soient d\u00e9masqu\u00e9s et punis conform\u00e9ment \u00e0 la loi.\u00a0<\/p>\n<p class=\"c10\">\u00a0<\/p>\n<p class=\"c11\"><strong>Libert\u00e9<\/strong><\/p>\n<\/div>\n<p>Auteur:<br \/>\n<a href=\"https:\/\/www.liberte-algerie.com\/actualite\/liberte-cible-dune-manipulation-grossiere-317487\">Cliquez ici pour lire l&rsquo;article depuis sa source.<\/a><\/p>\n","protected":false},"excerpt":{"rendered":"<p>Depuis hier 9 juin 2019, un enregistrement sonore impliquant deux personnes inconnues, un homme et une femme, se parlant au t\u00e9l\u00e9phone, est diffus\u00e9 sur les r\u00e9seaux sociaux. Si aucune indication n\u2019est donn\u00e9e sur l\u2019identit\u00e9 de l\u2019homme, la femme, elle, est pr\u00e9sent\u00e9e par la personne qui a diffus\u00e9 l\u2019enregistrement comme \u00e9tant \u201cune journaliste de Libert\u00e9\u201d, dont [&hellip;]<\/p>\n","protected":false},"author":1742,"featured_media":0,"comment_status":"closed","ping_status":"closed","sticky":false,"template":"","format":"standard","meta":{"fifu_image_url":"","fifu_image_alt":"","footnotes":""},"categories":[73,53],"tags":[],"class_list":["post-39704","post","type-post","status-publish","format-standard","hentry","category-actualite","category-algerie"],"_links":{"self":[{"href":"https:\/\/linitiative.ca\/International\/wp-json\/wp\/v2\/posts\/39704","targetHints":{"allow":["GET"]}}],"collection":[{"href":"https:\/\/linitiative.ca\/International\/wp-json\/wp\/v2\/posts"}],"about":[{"href":"https:\/\/linitiative.ca\/International\/wp-json\/wp\/v2\/types\/post"}],"author":[{"embeddable":true,"href":"https:\/\/linitiative.ca\/International\/wp-json\/wp\/v2\/users\/1742"}],"replies":[{"embeddable":true,"href":"https:\/\/linitiative.ca\/International\/wp-json\/wp\/v2\/comments?post=39704"}],"version-history":[{"count":0,"href":"https:\/\/linitiative.ca\/International\/wp-json\/wp\/v2\/posts\/39704\/revisions"}],"wp:attachment":[{"href":"https:\/\/linitiative.ca\/International\/wp-json\/wp\/v2\/media?parent=39704"}],"wp:term":[{"taxonomy":"category","embeddable":true,"href":"https:\/\/linitiative.ca\/International\/wp-json\/wp\/v2\/categories?post=39704"},{"taxonomy":"post_tag","embeddable":true,"href":"https:\/\/linitiative.ca\/International\/wp-json\/wp\/v2\/tags?post=39704"}],"curies":[{"name":"wp","href":"https:\/\/api.w.org\/{rel}","templated":true}]}}