{"id":39713,"date":"2019-06-10T07:22:00","date_gmt":"2019-06-10T11:22:00","guid":{"rendered":"https:\/\/linitiative.ca\/International\/le-wali-demande-louverture-dune-enquete\/"},"modified":"2019-06-10T07:22:00","modified_gmt":"2019-06-10T11:22:00","slug":"le-wali-demande-louverture-dune-enquete","status":"publish","type":"post","link":"https:\/\/linitiative.ca\/International\/le-wali-demande-louverture-dune-enquete\/","title":{"rendered":"Le wali demande l\u2019ouverture d\u2019une enqu\u00eate"},"content":{"rendered":"<div id=\"originalText\" readability=\"44\">\n<p>\u00c0 la suite des informations diffus\u00e9es concernant l&rsquo;existence d&rsquo;annonces sur les r\u00e9seaux sociaux relatives \u00e0 \u201cla vente de logements sociaux r\u00e9cemment distribu\u00e9s\u201d, le wali d&rsquo;Oran a ordonn\u00e9 aux services de s\u00e9curit\u00e9 comp\u00e9tents d&rsquo;ouvrir une enqu\u00eate approfondie sur ces informations afin de prendre les mesures dissuasives n\u00e9cessaires \u00e0 l&rsquo;encontre des b\u00e9n\u00e9ficiaires qui ont eu recours \u00e0 ces proc\u00e9d\u00e9s. Il a \u00e9galement instruit les services charg\u00e9s de mener de telles investigations de recourir aux sources d\u2019information qui ont obtenu et publi\u00e9 ces informations pour identifier ces personnes dans les meilleurs d\u00e9lais.\u00a0<\/p>\n<p>La presse avait fait \u00e9tat de ces annonces de vente par d\u00e9sistement de logements sociaux un peu partout dans la wilaya d\u2019Oran, d\u2019Oued Tl\u00e9lat, de Gdyel ou encore \u00e0 Belga\u00efd et \u00e0 Sidi El-Bachir. Les prix restant relativement abordables et surtout n\u00e9gociables. Pour rappel, 960 b\u00e9n\u00e9ficiaires de d\u00e9cisions de pr\u00e9-affectation seront relog\u00e9s en juillet prochain sur le site des 5 100 logements au nouveau p\u00f4le urbain de Belga\u00efd. Cette op\u00e9ration avait \u00e9t\u00e9 pr\u00e9c\u00e9d\u00e9e au d\u00e9but du mois de mai par la distribution de 358 logements sociaux au profit des familles d\u00e9tentrices de d\u00e9cisions de pr\u00e9-affectation au p\u00f4le urbain de Belga\u00efd. Un quota de 172 unit\u00e9s a \u00e9t\u00e9 distribu\u00e9 au profit des familles du secteur urbain El-Mokrani alors que 186 autres logements concernaient le secteur urbain El-Amir.<\/p>\n<p class=\"c10\"><strong>S. O.<\/strong><\/p>\n<\/div>\n<div id=\"text_core\" readability=\"44\">\n<p>\u00c0 la suite des informations diffus\u00e9es concernant l&rsquo;existence d&rsquo;annonces sur les r\u00e9seaux sociaux relatives \u00e0 \u201cla vente de logements sociaux r\u00e9cemment distribu\u00e9s\u201d, le wali d&rsquo;Oran a ordonn\u00e9 aux services de s\u00e9curit\u00e9 comp\u00e9tents d&rsquo;ouvrir une enqu\u00eate approfondie sur ces informations afin de prendre les mesures dissuasives n\u00e9cessaires \u00e0 l&rsquo;encontre des b\u00e9n\u00e9ficiaires qui ont eu recours \u00e0 ces proc\u00e9d\u00e9s. Il a \u00e9galement instruit les services charg\u00e9s de mener de telles investigations de recourir aux sources d\u2019information qui ont obtenu et publi\u00e9 ces informations pour identifier ces personnes dans les meilleurs d\u00e9lais.\u00a0<\/p>\n<p>La presse avait fait \u00e9tat de ces annonces de vente par d\u00e9sistement de logements sociaux un peu partout dans la wilaya d\u2019Oran, d\u2019Oued Tl\u00e9lat, de Gdyel ou encore \u00e0 Belga\u00efd et \u00e0 Sidi El-Bachir. Les prix restant relativement abordables et surtout n\u00e9gociables. Pour rappel, 960 b\u00e9n\u00e9ficiaires de d\u00e9cisions de pr\u00e9-affectation seront relog\u00e9s en juillet prochain sur le site des 5 100 logements au nouveau p\u00f4le urbain de Belga\u00efd. Cette op\u00e9ration avait \u00e9t\u00e9 pr\u00e9c\u00e9d\u00e9e au d\u00e9but du mois de mai par la distribution de 358 logements sociaux au profit des familles d\u00e9tentrices de d\u00e9cisions de pr\u00e9-affectation au p\u00f4le urbain de Belga\u00efd. Un quota de 172 unit\u00e9s a \u00e9t\u00e9 distribu\u00e9 au profit des familles du secteur urbain El-Mokrani alors que 186 autres logements concernaient le secteur urbain El-Amir.<\/p>\n<p class=\"c10\"><strong>S. O.<\/strong><\/p>\n<\/div>\n<p>Auteur:<br \/>\n<a href=\"https:\/\/www.liberte-algerie.com\/actualite\/le-wali-demande-louverture-dune-enquete-317486\">Cliquez ici pour lire l&rsquo;article depuis sa source.<\/a><\/p>\n","protected":false},"excerpt":{"rendered":"<p>\u00c0 la suite des informations diffus\u00e9es concernant l&rsquo;existence d&rsquo;annonces sur les r\u00e9seaux sociaux relatives \u00e0 \u201cla vente de logements sociaux r\u00e9cemment distribu\u00e9s\u201d, le wali d&rsquo;Oran a ordonn\u00e9 aux services de s\u00e9curit\u00e9 comp\u00e9tents d&rsquo;ouvrir une enqu\u00eate approfondie sur ces informations afin de prendre les mesures dissuasives n\u00e9cessaires \u00e0 l&rsquo;encontre des b\u00e9n\u00e9ficiaires qui ont eu recours \u00e0 [&hellip;]<\/p>\n","protected":false},"author":1742,"featured_media":0,"comment_status":"closed","ping_status":"closed","sticky":false,"template":"","format":"standard","meta":{"fifu_image_url":"","fifu_image_alt":"","footnotes":""},"categories":[73,53],"tags":[],"class_list":["post-39713","post","type-post","status-publish","format-standard","hentry","category-actualite","category-algerie"],"_links":{"self":[{"href":"https:\/\/linitiative.ca\/International\/wp-json\/wp\/v2\/posts\/39713","targetHints":{"allow":["GET"]}}],"collection":[{"href":"https:\/\/linitiative.ca\/International\/wp-json\/wp\/v2\/posts"}],"about":[{"href":"https:\/\/linitiative.ca\/International\/wp-json\/wp\/v2\/types\/post"}],"author":[{"embeddable":true,"href":"https:\/\/linitiative.ca\/International\/wp-json\/wp\/v2\/users\/1742"}],"replies":[{"embeddable":true,"href":"https:\/\/linitiative.ca\/International\/wp-json\/wp\/v2\/comments?post=39713"}],"version-history":[{"count":0,"href":"https:\/\/linitiative.ca\/International\/wp-json\/wp\/v2\/posts\/39713\/revisions"}],"wp:attachment":[{"href":"https:\/\/linitiative.ca\/International\/wp-json\/wp\/v2\/media?parent=39713"}],"wp:term":[{"taxonomy":"category","embeddable":true,"href":"https:\/\/linitiative.ca\/International\/wp-json\/wp\/v2\/categories?post=39713"},{"taxonomy":"post_tag","embeddable":true,"href":"https:\/\/linitiative.ca\/International\/wp-json\/wp\/v2\/tags?post=39713"}],"curies":[{"name":"wp","href":"https:\/\/api.w.org\/{rel}","templated":true}]}}