{"id":39719,"date":"2019-06-10T07:22:00","date_gmt":"2019-06-10T11:22:00","guid":{"rendered":"https:\/\/linitiative.ca\/International\/deux-neveux-du-terroriste-antar-zouabri-arretes\/"},"modified":"2019-06-10T07:22:00","modified_gmt":"2019-06-10T11:22:00","slug":"deux-neveux-du-terroriste-antar-zouabri-arretes","status":"publish","type":"post","link":"https:\/\/linitiative.ca\/International\/deux-neveux-du-terroriste-antar-zouabri-arretes\/","title":{"rendered":"Deux neveux du terroriste \u201cAntar Zouabri\u201d arr\u00eat\u00e9s"},"content":{"rendered":"<div id=\"originalText\" readability=\"46\">\n<p>Deux neveux du terroriste abattu Antar Zouabri ont \u00e9t\u00e9 arr\u00eat\u00e9s par la Gendarmerie nationale en possession de 36 kg de kif dans une op\u00e9ration de lutte contre le trafic de drogue, a annonc\u00e9, hier, le minist\u00e8re de la D\u00e9fense nationale dans un communiqu\u00e9. Il s&rsquo;agit, en l\u2019occurrence, des nomm\u00e9s \u201cZouabri Mohamed-Amine\u201d et \u201cZouabri Sif-Eddine\u201d, fils du terroriste abattu \u201cZouabri Ali\u201d, fr\u00e8re du terroriste\u00a0 criminel abattu \u201cAntar Zouabri\u201d, a pr\u00e9cis\u00e9 la m\u00eame source. Les deux criminels ont \u00e9t\u00e9 arr\u00eat\u00e9s \u201cen possession de 36 kg de kif \u00e0 la suite d\u2019une op\u00e9ration d\u2019investigation et d\u2019assaut des \u00e9l\u00e9ments de la brigade territoriale de la Gendarmerie nationale de Sidi Moussa, wilaya d\u2019Alger (1re RM)\u201d, a expliqu\u00e9 le MDN.\u00a0Cette op\u00e9ration s\u2019est \u00e9galement sold\u00e9e par la saisie d\u2019un v\u00e9hicule de tourisme et de cinq t\u00e9l\u00e9phones portables, a-t-on ajout\u00e9.\u00a0\u00a0<br \/>\u00a0<\/p>\n<p class=\"c10\"><strong>APS\u00a0<\/strong><\/p>\n<\/div>\n<div id=\"text_core\" readability=\"46\">\n<p>Deux neveux du terroriste abattu Antar Zouabri ont \u00e9t\u00e9 arr\u00eat\u00e9s par la Gendarmerie nationale en possession de 36 kg de kif dans une op\u00e9ration de lutte contre le trafic de drogue, a annonc\u00e9, hier, le minist\u00e8re de la D\u00e9fense nationale dans un communiqu\u00e9. Il s&rsquo;agit, en l\u2019occurrence, des nomm\u00e9s \u201cZouabri Mohamed-Amine\u201d et \u201cZouabri Sif-Eddine\u201d, fils du terroriste abattu \u201cZouabri Ali\u201d, fr\u00e8re du terroriste\u00a0 criminel abattu \u201cAntar Zouabri\u201d, a pr\u00e9cis\u00e9 la m\u00eame source. Les deux criminels ont \u00e9t\u00e9 arr\u00eat\u00e9s \u201cen possession de 36 kg de kif \u00e0 la suite d\u2019une op\u00e9ration d\u2019investigation et d\u2019assaut des \u00e9l\u00e9ments de la brigade territoriale de la Gendarmerie nationale de Sidi Moussa, wilaya d\u2019Alger (1re RM)\u201d, a expliqu\u00e9 le MDN.\u00a0Cette op\u00e9ration s\u2019est \u00e9galement sold\u00e9e par la saisie d\u2019un v\u00e9hicule de tourisme et de cinq t\u00e9l\u00e9phones portables, a-t-on ajout\u00e9.\u00a0\u00a0<br \/>\u00a0<\/p>\n<p class=\"c10\"><strong>APS\u00a0<\/strong><\/p>\n<\/div>\n<p>Auteur:<br \/>\n<a href=\"https:\/\/www.liberte-algerie.com\/actualite\/deux-neveux-du-terroriste-antar-zouabri-arretes-317485\">Cliquez ici pour lire l&rsquo;article depuis sa source.<\/a><\/p>\n","protected":false},"excerpt":{"rendered":"<p>Deux neveux du terroriste abattu Antar Zouabri ont \u00e9t\u00e9 arr\u00eat\u00e9s par la Gendarmerie nationale en possession de 36 kg de kif dans une op\u00e9ration de lutte contre le trafic de drogue, a annonc\u00e9, hier, le minist\u00e8re de la D\u00e9fense nationale dans un communiqu\u00e9. Il s&rsquo;agit, en l\u2019occurrence, des nomm\u00e9s \u201cZouabri Mohamed-Amine\u201d et \u201cZouabri Sif-Eddine\u201d, fils [&hellip;]<\/p>\n","protected":false},"author":1742,"featured_media":0,"comment_status":"closed","ping_status":"closed","sticky":false,"template":"","format":"standard","meta":{"fifu_image_url":"","fifu_image_alt":"","footnotes":""},"categories":[73,53],"tags":[],"class_list":["post-39719","post","type-post","status-publish","format-standard","hentry","category-actualite","category-algerie"],"_links":{"self":[{"href":"https:\/\/linitiative.ca\/International\/wp-json\/wp\/v2\/posts\/39719","targetHints":{"allow":["GET"]}}],"collection":[{"href":"https:\/\/linitiative.ca\/International\/wp-json\/wp\/v2\/posts"}],"about":[{"href":"https:\/\/linitiative.ca\/International\/wp-json\/wp\/v2\/types\/post"}],"author":[{"embeddable":true,"href":"https:\/\/linitiative.ca\/International\/wp-json\/wp\/v2\/users\/1742"}],"replies":[{"embeddable":true,"href":"https:\/\/linitiative.ca\/International\/wp-json\/wp\/v2\/comments?post=39719"}],"version-history":[{"count":0,"href":"https:\/\/linitiative.ca\/International\/wp-json\/wp\/v2\/posts\/39719\/revisions"}],"wp:attachment":[{"href":"https:\/\/linitiative.ca\/International\/wp-json\/wp\/v2\/media?parent=39719"}],"wp:term":[{"taxonomy":"category","embeddable":true,"href":"https:\/\/linitiative.ca\/International\/wp-json\/wp\/v2\/categories?post=39719"},{"taxonomy":"post_tag","embeddable":true,"href":"https:\/\/linitiative.ca\/International\/wp-json\/wp\/v2\/tags?post=39719"}],"curies":[{"name":"wp","href":"https:\/\/api.w.org\/{rel}","templated":true}]}}