{"id":39721,"date":"2019-06-09T15:45:00","date_gmt":"2019-06-09T19:45:00","guid":{"rendered":"https:\/\/linitiative.ca\/International\/tribunal-de-sidi-mhamed-ouyahia-et-zoukh-auditionnes\/"},"modified":"2019-06-09T15:45:00","modified_gmt":"2019-06-09T19:45:00","slug":"tribunal-de-sidi-mhamed-ouyahia-et-zoukh-auditionnes","status":"publish","type":"post","link":"https:\/\/linitiative.ca\/International\/tribunal-de-sidi-mhamed-ouyahia-et-zoukh-auditionnes\/","title":{"rendered":"TRIBUNAL DE SIDI M\u2019HAMED   : Ouyahia et Zoukh auditionn\u00e9s"},"content":{"rendered":"<p><br id=\"sep_para_1\" class=\"sep_para access\"\/><\/p>\n<div id=\"para_1\" class=\"para_31621328 resize\">\n<div class=\"photo shadow left\"><a href=\"javascript:void(0)\" rel=\"https:\/\/www.reflexiondz.net\/photo\/art\/grande\/34627058-31621328.jpg?v=1560111221&#038;ibox\" title=\"TRIBUNAL DE SIDI M\u2019HAMED : Ouyahia et Zoukh auditionn\u00e9s\"><img decoding=\"async\" class=\"responsive c9\" src=\"https:\/\/www.reflexiondz.net\/photo\/art\/grande\/34627058-31621328.jpg?v=1560111221\" alt=\"TRIBUNAL DE SIDI M\u2019HAMED : Ouyahia et Zoukh auditionn\u00e9s\" title=\"TRIBUNAL DE SIDI M\u2019HAMED : Ouyahia et Zoukh auditionn\u00e9s\"\/><img decoding=\"async\" class=\"not-responsive\" src=\"https:\/\/www.reflexiondz.net\/photo\/art\/default\/34627058-31621328.jpg?v=1560111223\" alt=\"TRIBUNAL DE SIDI M\u2019HAMED : Ouyahia et Zoukh auditionn\u00e9s\" title=\"TRIBUNAL DE SIDI M\u2019HAMED : Ouyahia et Zoukh auditionn\u00e9s\"\/><\/a><\/div>\n<div class=\"texte access firstletter\">Huit ministres devaient compara\u00eetre ce dimanche devant le tribunal de Sidi M\u2019hamed pour des affaires li\u00e9es \u00e0 l\u2019octroi de march\u00e9s publics et privil\u00e8ges au groupe Tahkout. L\u2019ex- Premier ministre, Ahmed Ouyahia, est le premier \u00e0 \u00eatre auditionn\u00e9. L\u2019ex-wali d\u2019Alger, Abdelkader Zoukh fut aussi convoqu\u00e9,\u00a0 et est pass\u00e9 devant le juge dans l\u2019apr\u00e8s-midi d\u2019hier. A ceux-l\u00e0 s\u2019ajoutent des dizaines de t\u00e9moins, notamment des cadres de l\u2019Office national des \u0153uvres universitaires (ONOU), de l\u2019Entreprise du transport urbain et suburbain d\u2019Alger (Etusa) et de l\u2019Agence nationale de d\u00e9veloppement et de l\u2019Industrie (ANDI). Ces anciens hauts responsables seront interrog\u00e9s sur des faits relatifs \u00e0 plusieurs dossiers de march\u00e9s et de privil\u00e8ges relatifs \u00e0 l\u2019investissement. Ahmed Ouyahia est arriv\u00e9 au Tribunal de Sidi M\u2019hamed d\u2019Alger pour compara\u00eetre devant le juge d\u2019instruction, a rapport\u00e9 l\u2019ENTV, sans donner d\u2019autres d\u00e9tails. Aussi, Abdelkader Zoukh, ancien wali d\u2019Alger, a quitt\u00e9 le tribunal de Sidi M\u2019Hamed apr\u00e8s une nouvelle comparution devant le juge d\u2019instruction, a rapport\u00e9, \u00e9galement, l\u2019ENTV, sans plus de d\u00e9tails. Pour rappel, l\u2019ex-Premier ministre avait \u00e9t\u00e9 auditionn\u00e9 par le procureur g\u00e9n\u00e9ral du m\u00eame Tribunal dans le cadre de l\u2019enqu\u00eate sur l\u2019homme d\u2019affaires Ali Haddad, qui est incarc\u00e9r\u00e9 \u00e0 la prison d\u2019El Harrach depuis d\u00e9but avril. Le 26 mai dernier, le Parquet g\u00e9n\u00e9ral de la Cour supr\u00eame annonce avoir \u00ab re\u00e7u, ce dimanche 26 mai, du procureur g\u00e9n\u00e9ral de la Cour d\u2019Alger, le dossier des proc\u00e9dures relatives aux poursuites contre un groupe d\u2019anciens membres du gouvernement, poursuivis \u00ab pour des faits punis par la loi relatives \u00e0 la conclusion de march\u00e9s publics et de contrats contraires \u00e0 la r\u00e9glementation et les lois en vigueur \u00bb. Parmi les personnes poursuivies figure Ahmed Ouyahia.<\/div>\n<\/div>\n<p>Auteur: Ismain<br \/>\n<a href=\"https:\/\/www.reflexiondz.net\/TRIBUNAL-DE-SIDI-M-HAMED-Ouyahia-et-Zoukh-auditionnes_a56122.html\">Cliquez ici pour lire l&rsquo;article depuis sa source.<\/a><\/p>\n","protected":false},"excerpt":{"rendered":"<p>Huit ministres devaient compara\u00eetre ce dimanche devant le tribunal de Sidi M\u2019hamed pour des affaires li\u00e9es \u00e0 l\u2019octroi de march\u00e9s publics et privil\u00e8ges au groupe Tahkout. L\u2019ex- Premier ministre, Ahmed Ouyahia, est le premier \u00e0 \u00eatre auditionn\u00e9. L\u2019ex-wali d\u2019Alger, Abdelkader Zoukh fut aussi convoqu\u00e9,\u00a0 et est pass\u00e9 devant le juge dans l\u2019apr\u00e8s-midi d\u2019hier. A ceux-l\u00e0 [&hellip;]<\/p>\n","protected":false},"author":1740,"featured_media":0,"comment_status":"closed","ping_status":"closed","sticky":false,"template":"","format":"standard","meta":{"fifu_image_url":"","fifu_image_alt":"","footnotes":""},"categories":[53,76],"tags":[],"class_list":["post-39721","post","type-post","status-publish","format-standard","hentry","category-algerie","category-regions"],"_links":{"self":[{"href":"https:\/\/linitiative.ca\/International\/wp-json\/wp\/v2\/posts\/39721","targetHints":{"allow":["GET"]}}],"collection":[{"href":"https:\/\/linitiative.ca\/International\/wp-json\/wp\/v2\/posts"}],"about":[{"href":"https:\/\/linitiative.ca\/International\/wp-json\/wp\/v2\/types\/post"}],"author":[{"embeddable":true,"href":"https:\/\/linitiative.ca\/International\/wp-json\/wp\/v2\/users\/1740"}],"replies":[{"embeddable":true,"href":"https:\/\/linitiative.ca\/International\/wp-json\/wp\/v2\/comments?post=39721"}],"version-history":[{"count":0,"href":"https:\/\/linitiative.ca\/International\/wp-json\/wp\/v2\/posts\/39721\/revisions"}],"wp:attachment":[{"href":"https:\/\/linitiative.ca\/International\/wp-json\/wp\/v2\/media?parent=39721"}],"wp:term":[{"taxonomy":"category","embeddable":true,"href":"https:\/\/linitiative.ca\/International\/wp-json\/wp\/v2\/categories?post=39721"},{"taxonomy":"post_tag","embeddable":true,"href":"https:\/\/linitiative.ca\/International\/wp-json\/wp\/v2\/tags?post=39721"}],"curies":[{"name":"wp","href":"https:\/\/api.w.org\/{rel}","templated":true}]}}