{"id":39723,"date":"2019-06-10T07:22:00","date_gmt":"2019-06-10T11:22:00","guid":{"rendered":"https:\/\/linitiative.ca\/International\/fin-de-fonctions-pour-trois-cadres\/"},"modified":"2019-06-10T07:22:00","modified_gmt":"2019-06-10T11:22:00","slug":"fin-de-fonctions-pour-trois-cadres","status":"publish","type":"post","link":"https:\/\/linitiative.ca\/International\/fin-de-fonctions-pour-trois-cadres\/","title":{"rendered":"Fin de fonctions pour trois cadres"},"content":{"rendered":"<div id=\"originalText\" readability=\"42\">\n<p>La pr\u00e9sidence de la R\u00e9publique a annonc\u00e9, hier, qu&rsquo;il a \u00e9t\u00e9 mis fin aux fonctions de MM. Baghdadli Abdelmadjid et Kalafate Mohamed-Mehdi, respectivement directeur de l&rsquo;administration g\u00e9n\u00e9rale et directeur des cadres \u00e0 la pr\u00e9sidence de la R\u00e9publique. Il a \u00e9t\u00e9, \u00e9galement, mis fin aux fonctions de Mme Temmimi Assia, en qualit\u00e9 de charg\u00e9e de mission \u00e0 la pr\u00e9sidence de la R\u00e9publique, pr\u00e9cise un communiqu\u00e9 de la pr\u00e9sidence de la R\u00e9publique.<br \/>\u00a0<\/p>\n<p class=\"c10\"><strong>APS<\/strong><\/p>\n<\/div>\n<div id=\"text_core\" readability=\"42\">\n<p>La pr\u00e9sidence de la R\u00e9publique a annonc\u00e9, hier, qu&rsquo;il a \u00e9t\u00e9 mis fin aux fonctions de MM. Baghdadli Abdelmadjid et Kalafate Mohamed-Mehdi, respectivement directeur de l&rsquo;administration g\u00e9n\u00e9rale et directeur des cadres \u00e0 la pr\u00e9sidence de la R\u00e9publique. Il a \u00e9t\u00e9, \u00e9galement, mis fin aux fonctions de Mme Temmimi Assia, en qualit\u00e9 de charg\u00e9e de mission \u00e0 la pr\u00e9sidence de la R\u00e9publique, pr\u00e9cise un communiqu\u00e9 de la pr\u00e9sidence de la R\u00e9publique.<br \/>\u00a0<\/p>\n<p class=\"c10\"><strong>APS<\/strong><\/p>\n<\/div>\n<p>Auteur:<br \/>\n<a href=\"https:\/\/www.liberte-algerie.com\/actualite\/fin-de-fonctions-pour-trois-cadres-317484\">Cliquez ici pour lire l&rsquo;article depuis sa source.<\/a><\/p>\n","protected":false},"excerpt":{"rendered":"<p>La pr\u00e9sidence de la R\u00e9publique a annonc\u00e9, hier, qu&rsquo;il a \u00e9t\u00e9 mis fin aux fonctions de MM. Baghdadli Abdelmadjid et Kalafate Mohamed-Mehdi, respectivement directeur de l&rsquo;administration g\u00e9n\u00e9rale et directeur des cadres \u00e0 la pr\u00e9sidence de la R\u00e9publique. Il a \u00e9t\u00e9, \u00e9galement, mis fin aux fonctions de Mme Temmimi Assia, en qualit\u00e9 de charg\u00e9e de mission [&hellip;]<\/p>\n","protected":false},"author":1742,"featured_media":0,"comment_status":"closed","ping_status":"closed","sticky":false,"template":"","format":"standard","meta":{"fifu_image_url":"","fifu_image_alt":"","footnotes":""},"categories":[73,53],"tags":[],"class_list":["post-39723","post","type-post","status-publish","format-standard","hentry","category-actualite","category-algerie"],"_links":{"self":[{"href":"https:\/\/linitiative.ca\/International\/wp-json\/wp\/v2\/posts\/39723","targetHints":{"allow":["GET"]}}],"collection":[{"href":"https:\/\/linitiative.ca\/International\/wp-json\/wp\/v2\/posts"}],"about":[{"href":"https:\/\/linitiative.ca\/International\/wp-json\/wp\/v2\/types\/post"}],"author":[{"embeddable":true,"href":"https:\/\/linitiative.ca\/International\/wp-json\/wp\/v2\/users\/1742"}],"replies":[{"embeddable":true,"href":"https:\/\/linitiative.ca\/International\/wp-json\/wp\/v2\/comments?post=39723"}],"version-history":[{"count":0,"href":"https:\/\/linitiative.ca\/International\/wp-json\/wp\/v2\/posts\/39723\/revisions"}],"wp:attachment":[{"href":"https:\/\/linitiative.ca\/International\/wp-json\/wp\/v2\/media?parent=39723"}],"wp:term":[{"taxonomy":"category","embeddable":true,"href":"https:\/\/linitiative.ca\/International\/wp-json\/wp\/v2\/categories?post=39723"},{"taxonomy":"post_tag","embeddable":true,"href":"https:\/\/linitiative.ca\/International\/wp-json\/wp\/v2\/tags?post=39723"}],"curies":[{"name":"wp","href":"https:\/\/api.w.org\/{rel}","templated":true}]}}