{"id":39728,"date":"2019-06-09T19:00:00","date_gmt":"2019-06-09T23:00:00","guid":{"rendered":"https:\/\/linitiative.ca\/International\/bem-un-premier-jour-plutot-serein\/"},"modified":"2019-06-09T19:00:00","modified_gmt":"2019-06-09T23:00:00","slug":"bem-un-premier-jour-plutot-serein","status":"publish","type":"post","link":"https:\/\/linitiative.ca\/International\/bem-un-premier-jour-plutot-serein\/","title":{"rendered":"BEM : Un premier jour plut\u00f4t serein"},"content":{"rendered":"<p>Apr\u00e8s les \u00e9preuves de la 5e ann\u00e9e,\u00a0 place \u00e0 un autre examen d\u00e9cisif pour les \u00e9l\u00e8ves de la quatri\u00e8me ann\u00e9e moyenne. Ces derniers ont en effet entam\u00e9, hier, leur premi\u00e8re journ\u00e9e d\u2019examen avec quatre mati\u00e8res.<br \/>Les futurs lyc\u00e9ens ont pass\u00e9 durant la matin\u00e9e les \u00e9preuves de langue arabe, suivies de celles des sciences physiques et de technologie. En s\u00e9ance d\u2019apr\u00e8s-midi, ils ont eu \u00e0 examiner dans celles d\u2019\u00e9ducation islamique et d\u2019\u00e9ducation civique.<br \/>Pour \u00eatre \u00e0 l\u2019heure, les candidats\u00a0 \u00e0 cet examen se sont rendus t\u00f4t aux centres d\u2019examens qui ont ouvert leurs portes \u00e0 7H30. Pour cette premi\u00e8re journ\u00e9e d\u2019examen du brevet d\u2019enseignement moyen, le climat g\u00e9n\u00e9ral \u00e9tait plut\u00f4t serein, aussi bien du c\u00f4t\u00e9 des candidats que de celui des encadreurs.<br \/>Des candidats rencontr\u00e9s devant diff\u00e9rents centres d\u2019examen d\u2019Alger semblaient satisfaits par rapport aux sujets des \u00e9preuves de la premi\u00e8re journ\u00e9e de cet examen.<br \/>Approch\u00e9s \u00e0 la sortie du lyc\u00e9e Chahid-Ali-Chekiri, sis \u00e0 Ch\u00e9raga, un groupe d\u2019\u00e9l\u00e8ves, qui semblaient satisfaits de leur travail, ont indiqu\u00e9 que les sujets des deux \u00e9preuves de la matin\u00e9e, \u00e0 savoir la langue arabe et physique \u00e9taient abordables et \u00e0 leur port\u00e9e. C\u2019est aussi l\u2019avis de Melissa et Dina, deux candidates qui sortaient du centre d\u2019examen en tenant dans leurs mains les\u00a0 sujets\u00a0 des \u00e9preuves. \u00ab\u00a0Gr\u00e2ce \u00e0 la r\u00e9vision continue et \u00e0 la pers\u00e9v\u00e9rance, nous avons pu r\u00e9pondre \u00e0 ces questions\u00a0\u00bb, nous a confi\u00e9 Melissa, qui esp\u00e9rait que les autres mati\u00e8res allaient \u00eatre aussi abordables.<br \/>Dina, s\u2019est dite de son c\u00f4t\u00e9 tr\u00e8s satisfaite quant au d\u00e9roulement des examens de la matin\u00e9e. \u00ab\u00a0Ceci me donnera plus confiance pour bien entamer les \u00e9preuves de l\u2019apr\u00e8s-midi\u00bb, a-t-elle dit.<br \/>Pas loin de ce centre d\u2019examen, au lyc\u00e9e Issiakhem plus exactement, une bonne ambiance r\u00e9gnait.\u00a0 La plupart des candidats rencontr\u00e9s \u00e0\u00a0 la sortie de la deuxi\u00e8me \u00e9preuve ont confirm\u00e9 que les sujets des examens de la matin\u00e9e de cette premi\u00e8re journ\u00e9e d\u2019examen du BEM session 2019 \u00e9taient abordables et que l\u2019ensemble des questions ont \u00e9t\u00e9 puis\u00e9s du programme scolaire.<br \/>Les candidats qui comparaient les r\u00e9ponses nous l\u2019ont confirm\u00e9 avec le sourire.\u00a0 Chacun paraissait satisfait de son travail. \u00abJe suis optimiste quant \u00e0 ma r\u00e9ussite\u00bb, tenait \u00e0 souligner Fay\u00e7al, ajoutant avoir travaill\u00e9 sans rel\u00e2che pendant l\u2019ann\u00e9e.\u00a0\u00a0<br \/>Selon lui, les questions \u00e9taient \u00e0 la port\u00e9e de l\u2019\u00e9l\u00e8ve moyen avant d\u2019\u00e9mettre le souhait\u00a0 que le reste des \u00e9preuves soit aussi \u00e0 la port\u00e9e de tous.\u00a0<br \/>M\u00eame si certains candidats ont trouv\u00e9 les sujets des \u00e9preuves plus ou moins difficiles, des enseignants ont confirm\u00e9 que les questions figurent dans le programme scolaire, pr\u00e9cisant qu\u2019\u00abil y avait ni pi\u00e8ge ni des questions ambig\u00fces\u00bb.<br \/>Dans l\u2019apr\u00e8s-midi, les \u00e9preuves ont repris \u00e0 15 heures, avec l\u2019\u00e9ducation islamique et l\u2019\u00e9ducation civique au menu. Ce rythme sera poursuivi aujourd\u2019hui avec les \u00e9preuves de math\u00e9matiques et d\u2019Anglais, dans la matin\u00e9e et l\u2019histoire\/g\u00e9ographie dans l\u2019apr\u00e8s-midi.<br \/>Pour \u00a0\u00a0\u00a0 demain, troisi\u00e8me et dernier jour, les candidats passeront, le matin, les \u00e9preuves de fran\u00e7ais et de sciences naturelles. Les postulants concern\u00e9s par la langue amazighe subiront l\u2019\u00e9preuve dans l\u2019apr\u00e8s-midi.<br \/>Il est bon de savoir que sont admis d\u2019office en premi\u00e8re ann\u00e9e secondaire les candidats ayant obtenu une note sup\u00e9rieure ou \u00e9gale \u00e0 10\/20 au BEM. Pour les postulants ayant obtenu moins de 10\/20 \u00e0 cet examen, leur note d\u2019admission au lyc\u00e9e sera compt\u00e9e sur la somme de la moyenne annuelle de la quatri\u00e8me ann\u00e9e et celle obtenue au BEM divis\u00e9e par deux. Bon courage \u00e0 tous.\u00a0<br \/>Kam\u00e9lia Hadjib<\/p>\n<p>Auteur: elmoudjahid<br \/>\n<a href=\"http:\/\/www.elmoudjahid.com\/fr\/actualites\/137886\">Cliquez ici pour lire l&rsquo;article depuis sa source.<\/a><\/p>\n","protected":false},"excerpt":{"rendered":"<p>Apr\u00e8s les \u00e9preuves de la 5e ann\u00e9e,\u00a0 place \u00e0 un autre examen d\u00e9cisif pour les \u00e9l\u00e8ves de la quatri\u00e8me ann\u00e9e moyenne. Ces derniers ont en effet entam\u00e9, hier, leur premi\u00e8re journ\u00e9e d\u2019examen avec quatre mati\u00e8res.Les futurs lyc\u00e9ens ont pass\u00e9 durant la matin\u00e9e les \u00e9preuves de langue arabe, suivies de celles des sciences physiques et de [&hellip;]<\/p>\n","protected":false},"author":1744,"featured_media":0,"comment_status":"closed","ping_status":"closed","sticky":false,"template":"","format":"standard","meta":{"fifu_image_url":"","fifu_image_alt":"","footnotes":""},"categories":[73,53],"tags":[],"class_list":["post-39728","post","type-post","status-publish","format-standard","hentry","category-actualite","category-algerie"],"_links":{"self":[{"href":"https:\/\/linitiative.ca\/International\/wp-json\/wp\/v2\/posts\/39728","targetHints":{"allow":["GET"]}}],"collection":[{"href":"https:\/\/linitiative.ca\/International\/wp-json\/wp\/v2\/posts"}],"about":[{"href":"https:\/\/linitiative.ca\/International\/wp-json\/wp\/v2\/types\/post"}],"author":[{"embeddable":true,"href":"https:\/\/linitiative.ca\/International\/wp-json\/wp\/v2\/users\/1744"}],"replies":[{"embeddable":true,"href":"https:\/\/linitiative.ca\/International\/wp-json\/wp\/v2\/comments?post=39728"}],"version-history":[{"count":0,"href":"https:\/\/linitiative.ca\/International\/wp-json\/wp\/v2\/posts\/39728\/revisions"}],"wp:attachment":[{"href":"https:\/\/linitiative.ca\/International\/wp-json\/wp\/v2\/media?parent=39728"}],"wp:term":[{"taxonomy":"category","embeddable":true,"href":"https:\/\/linitiative.ca\/International\/wp-json\/wp\/v2\/categories?post=39728"},{"taxonomy":"post_tag","embeddable":true,"href":"https:\/\/linitiative.ca\/International\/wp-json\/wp\/v2\/tags?post=39728"}],"curies":[{"name":"wp","href":"https:\/\/api.w.org\/{rel}","templated":true}]}}