{"id":39729,"date":"2019-06-09T15:45:00","date_gmt":"2019-06-09T19:45:00","guid":{"rendered":"https:\/\/linitiative.ca\/International\/tribunal-de-sidi-mhamed-mahiedine-tahkout-devant-le-juge-dinstruction\/"},"modified":"2019-06-09T15:45:00","modified_gmt":"2019-06-09T19:45:00","slug":"tribunal-de-sidi-mhamed-mahiedine-tahkout-devant-le-juge-dinstruction","status":"publish","type":"post","link":"https:\/\/linitiative.ca\/International\/tribunal-de-sidi-mhamed-mahiedine-tahkout-devant-le-juge-dinstruction\/","title":{"rendered":"TRIBUNAL DE SIDI M\u2019HAMED : Mahi\u00e9dine Tahkout devant le juge d\u2019instruction"},"content":{"rendered":"<p><br id=\"sep_para_1\" class=\"sep_para access\"\/><\/p>\n<div id=\"para_1\" class=\"para_31621318 resize\">\n<div class=\"photo shadow left\"><a href=\"javascript:void(0)\" rel=\"https:\/\/www.reflexiondz.net\/photo\/art\/grande\/34627055-31621318.jpg?v=1560111233&#038;ibox\" title=\"TRIBUNAL DE SIDI M\u2019HAMED : Mahi\u00e9dine Tahkout devant le juge d\u2019instruction\"><img decoding=\"async\" class=\"responsive c9\" src=\"https:\/\/www.reflexiondz.net\/photo\/art\/grande\/34627055-31621318.jpg?v=1560111233\" alt=\"TRIBUNAL DE SIDI M\u2019HAMED : Mahi\u00e9dine Tahkout devant le juge d\u2019instruction\" title=\"TRIBUNAL DE SIDI M\u2019HAMED : Mahi\u00e9dine Tahkout devant le juge d\u2019instruction\"\/><img decoding=\"async\" class=\"not-responsive\" src=\"https:\/\/www.reflexiondz.net\/photo\/art\/default\/34627055-31621318.jpg?v=1560111235\" alt=\"TRIBUNAL DE SIDI M\u2019HAMED : Mahi\u00e9dine Tahkout devant le juge d\u2019instruction\" title=\"TRIBUNAL DE SIDI M\u2019HAMED : Mahi\u00e9dine Tahkout devant le juge d\u2019instruction\"\/><\/a><\/div>\n<div class=\"texte access firstletter\">L\u2019homme d\u2019affaires Mahieddine Tahkout, repr\u00e9sentant de la marque de v\u00e9hicules, Hyundai, a \u00e9t\u00e9 entendu, ce dimanche 9 juin, par le Juge d\u2019instruction pr\u00e8s le tribunal de Sidi M\u2019hamed \u00e0 Alger, a rapport\u00e9 la cha\u00eene El Bilad. Cibl\u00e9 depuis plusieurs semaines par les enqu\u00eates pr\u00e9liminaires men\u00e9es par la brigade de recherche de la Gendarmerie nationale de Bab J\u2019did, Mahieddine Tahkout a \u00e9t\u00e9 entendu sur des soup\u00e7ons d\u2019obtention d\u2019avantages illicites relatifs au montage automobile.\u00a0 Pour rappel, la brigade de recherche de la gendarmerie nationale de Bab Jdid avait entam\u00e9, il y a plusieurs semaines, des enqu\u00eates sur des transactions \u00ab ill\u00e9gales \u00bb que le groupe Tahkout a conclu avec la SNVI portant sur l\u2019acquisition de bus et de camions. Outre Mahieddine Tahkout, patron de TMC, des cadres de l\u2019Agence nationale de d\u00e9veloppement de l\u2019investissement (ANDI) ont \u00e9t\u00e9 \u00e9galement entendus par le juge d\u2019instruction. Ils sont soup\u00e7onn\u00e9s d\u2019avoir accord\u00e9, de mani\u00e8re ill\u00e9gale, des avantages \u00e0 des hommes d\u2019affaires, rapporte plusieurs m\u00e9dias.<\/div>\n<\/div>\n<p>Auteur: Ismain<br \/>\n<a href=\"https:\/\/www.reflexiondz.net\/TRIBUNAL-DE-SIDI-M-HAMED-Mahiedine-Tahkout-devant-le-juge-d-instruction_a56121.html\">Cliquez ici pour lire l&rsquo;article depuis sa source.<\/a><\/p>\n","protected":false},"excerpt":{"rendered":"<p>L\u2019homme d\u2019affaires Mahieddine Tahkout, repr\u00e9sentant de la marque de v\u00e9hicules, Hyundai, a \u00e9t\u00e9 entendu, ce dimanche 9 juin, par le Juge d\u2019instruction pr\u00e8s le tribunal de Sidi M\u2019hamed \u00e0 Alger, a rapport\u00e9 la cha\u00eene El Bilad. Cibl\u00e9 depuis plusieurs semaines par les enqu\u00eates pr\u00e9liminaires men\u00e9es par la brigade de recherche de la Gendarmerie nationale de [&hellip;]<\/p>\n","protected":false},"author":1740,"featured_media":0,"comment_status":"closed","ping_status":"closed","sticky":false,"template":"","format":"standard","meta":{"fifu_image_url":"","fifu_image_alt":"","footnotes":""},"categories":[53,76],"tags":[],"class_list":["post-39729","post","type-post","status-publish","format-standard","hentry","category-algerie","category-regions"],"_links":{"self":[{"href":"https:\/\/linitiative.ca\/International\/wp-json\/wp\/v2\/posts\/39729","targetHints":{"allow":["GET"]}}],"collection":[{"href":"https:\/\/linitiative.ca\/International\/wp-json\/wp\/v2\/posts"}],"about":[{"href":"https:\/\/linitiative.ca\/International\/wp-json\/wp\/v2\/types\/post"}],"author":[{"embeddable":true,"href":"https:\/\/linitiative.ca\/International\/wp-json\/wp\/v2\/users\/1740"}],"replies":[{"embeddable":true,"href":"https:\/\/linitiative.ca\/International\/wp-json\/wp\/v2\/comments?post=39729"}],"version-history":[{"count":0,"href":"https:\/\/linitiative.ca\/International\/wp-json\/wp\/v2\/posts\/39729\/revisions"}],"wp:attachment":[{"href":"https:\/\/linitiative.ca\/International\/wp-json\/wp\/v2\/media?parent=39729"}],"wp:term":[{"taxonomy":"category","embeddable":true,"href":"https:\/\/linitiative.ca\/International\/wp-json\/wp\/v2\/categories?post=39729"},{"taxonomy":"post_tag","embeddable":true,"href":"https:\/\/linitiative.ca\/International\/wp-json\/wp\/v2\/tags?post=39729"}],"curies":[{"name":"wp","href":"https:\/\/api.w.org\/{rel}","templated":true}]}}