{"id":39734,"date":"2019-06-09T15:45:00","date_gmt":"2019-06-09T19:45:00","guid":{"rendered":"https:\/\/linitiative.ca\/International\/oran-deja-2-noyes-et-1-repeche-a-kristel\/"},"modified":"2019-06-09T15:45:00","modified_gmt":"2019-06-09T19:45:00","slug":"oran-deja-2-noyes-et-1-repeche-a-kristel","status":"publish","type":"post","link":"https:\/\/linitiative.ca\/International\/oran-deja-2-noyes-et-1-repeche-a-kristel\/","title":{"rendered":"ORAN : D\u00e9j\u00e0, 2 noy\u00e9s et  1 rep\u00each\u00e9 \u00e0 Kristel"},"content":{"rendered":"<p><br id=\"sep_para_1\" class=\"sep_para access\"\/><\/p>\n<div id=\"para_1\" class=\"para_31621285 resize\">\n<div class=\"texte access firstletter\">La liste des noyades est bel et bien ouverte sur les plages d\u2019Oran, d\u00e9j\u00e0 deux\u00a0 corps sans vie ont \u00e9t\u00e9 retir\u00e9s en fin de journ\u00e9e de vendredi par les plongeurs de la protection civile d&rsquo;Oran suite \u00e0 l&rsquo;intervention qu&rsquo;ils ont op\u00e9r\u00e9e dans la zone rocheuse de la plage non surveill\u00e9e pr\u00e8s de Kristel, administrativement rattach\u00e9e \u00e0 la commune de Gdyel, localit\u00e9 situ\u00e9e dans la partie Est de la wilaya d&rsquo;Oran, lors de deux op\u00e9rations distinctes comme ils ont secouru une troisi\u00e8me personne, sur une plage rocheuse non surveill\u00e9e dans le m\u00eame endroit .\u00a0 Les deux victimes sont \u00e2g\u00e9es respectivement de 19 et 31 ans. Le troisi\u00e8me baigneur secouru est \u00e2g\u00e9 de 35 ans. Il a re\u00e7u les premiers soins sur place. Les d\u00e9pouilles des deux victimes ont \u00e9t\u00e9 d\u00e9pos\u00e9es \u00e0 la morgue de l\u2019h\u00f4pital d\u2019El Mohgoun (Arzew). Les services de la protection civile ont mobilis\u00e9 pour chaque op\u00e9ration six plongeurs et 11 agents de diff\u00e9rents grades ainsi que deux zodiacs et une ambulance.\u00a0\u00a0\u00a0\u00a0\u00a0\u00a0\u00a0\u00a0\u00a0\u00a0\u00a0\u00a0\u00a0\u00a0\u00a0\u00a0\u00a0\u00a0\u00a0\u00a0\u00a0\u00a0\u00a0\u00a0\u00a0<\/div>\n<\/div>\n<p>Auteur: Medjadji H.<br \/>\n<a href=\"https:\/\/www.reflexiondz.net\/ORAN-Deja-2-noyes-et-1-repeche-a-Kristel_a56117.html\">Cliquez ici pour lire l&rsquo;article depuis sa source.<\/a><\/p>\n","protected":false},"excerpt":{"rendered":"<p>La liste des noyades est bel et bien ouverte sur les plages d\u2019Oran, d\u00e9j\u00e0 deux\u00a0 corps sans vie ont \u00e9t\u00e9 retir\u00e9s en fin de journ\u00e9e de vendredi par les plongeurs de la protection civile d&rsquo;Oran suite \u00e0 l&rsquo;intervention qu&rsquo;ils ont op\u00e9r\u00e9e dans la zone rocheuse de la plage non surveill\u00e9e pr\u00e8s de Kristel, administrativement rattach\u00e9e [&hellip;]<\/p>\n","protected":false},"author":1740,"featured_media":0,"comment_status":"closed","ping_status":"closed","sticky":false,"template":"","format":"standard","meta":{"fifu_image_url":"","fifu_image_alt":"","footnotes":""},"categories":[53,76],"tags":[],"class_list":["post-39734","post","type-post","status-publish","format-standard","hentry","category-algerie","category-regions"],"_links":{"self":[{"href":"https:\/\/linitiative.ca\/International\/wp-json\/wp\/v2\/posts\/39734","targetHints":{"allow":["GET"]}}],"collection":[{"href":"https:\/\/linitiative.ca\/International\/wp-json\/wp\/v2\/posts"}],"about":[{"href":"https:\/\/linitiative.ca\/International\/wp-json\/wp\/v2\/types\/post"}],"author":[{"embeddable":true,"href":"https:\/\/linitiative.ca\/International\/wp-json\/wp\/v2\/users\/1740"}],"replies":[{"embeddable":true,"href":"https:\/\/linitiative.ca\/International\/wp-json\/wp\/v2\/comments?post=39734"}],"version-history":[{"count":0,"href":"https:\/\/linitiative.ca\/International\/wp-json\/wp\/v2\/posts\/39734\/revisions"}],"wp:attachment":[{"href":"https:\/\/linitiative.ca\/International\/wp-json\/wp\/v2\/media?parent=39734"}],"wp:term":[{"taxonomy":"category","embeddable":true,"href":"https:\/\/linitiative.ca\/International\/wp-json\/wp\/v2\/categories?post=39734"},{"taxonomy":"post_tag","embeddable":true,"href":"https:\/\/linitiative.ca\/International\/wp-json\/wp\/v2\/tags?post=39734"}],"curies":[{"name":"wp","href":"https:\/\/api.w.org\/{rel}","templated":true}]}}