{"id":39737,"date":"2019-06-09T15:45:00","date_gmt":"2019-06-09T19:45:00","guid":{"rendered":"https:\/\/linitiative.ca\/International\/trafic-de-drogue-arrestation-des-neveux-du-terroriste-antar-zouabri-en-possession-de-kif\/"},"modified":"2019-06-09T15:45:00","modified_gmt":"2019-06-09T19:45:00","slug":"trafic-de-drogue-arrestation-des-neveux-du-terroriste-antar-zouabri-en-possession-de-kif","status":"publish","type":"post","link":"https:\/\/linitiative.ca\/International\/trafic-de-drogue-arrestation-des-neveux-du-terroriste-antar-zouabri-en-possession-de-kif\/","title":{"rendered":"TRAFIC DE DROGUE : Arrestation des neveux du terroriste Antar Zouabri en possession de kif"},"content":{"rendered":"<p><br id=\"sep_para_1\" class=\"sep_para access\"\/><\/p>\n<div id=\"para_1\" class=\"para_31621333 resize\">\n<div class=\"texte access firstletter\">Des \u00e9l\u00e9ments de la brigade territoriale de la Gendarmerie nationale de Sidi Moussa, relevant de la 1ere RM, ont neutralis\u00e9 deux narcotrafiquants en possession de 36 kg de kif trait\u00e9, selon un communiqu\u00e9 du minist\u00e8re de la D\u00e9fense Nationale (MDN). La m\u00eame source a indiqu\u00e9 que les deux dealers ont \u00e9t\u00e9 arr\u00eat\u00e9s \u00e0 Sidi Moussa, dans la banlieue de la Capitale alors qu\u2019ils circulaient \u00e0 bord d\u2019un v\u00e9hicule de tourisme, pr\u00e9cisant qu\u2019il s\u2019agissait des nomm\u00e9s \u2018\u2019Zouabri Mohamed Amine\u2019\u2019 et \u2018\u2019Zouabri Sif Eddine\u2019\u2019, fils du terroriste abattu \u2018\u2019Zouabri Ali\u2019\u2019, lui- m\u00eame fr\u00e8re de l\u2019ancien \u00e9mir du GIA, \u2018\u2019Antar Zouabri\u2019\u2019, \u00e9galement abattu. Enfin, le communiqu\u00e9 ajoute que cette op\u00e9ration s\u2019est, \u00e9galement, sold\u00e9e par la saisie du v\u00e9hicule et de cinq t\u00e9l\u00e9phones portables.\u00a0\u00a0\u00a0\u00a0\u00a0<\/div>\n<\/div>\n<p>Auteur: Nadine<br \/>\n<a href=\"https:\/\/www.reflexiondz.net\/TRAFIC-DE-DROGUE-Arrestation-des-neveux-du-terroriste-Antar-Zouabri-en-possession-de-kif_a56123.html\">Cliquez ici pour lire l&rsquo;article depuis sa source.<\/a><\/p>\n","protected":false},"excerpt":{"rendered":"<p>Des \u00e9l\u00e9ments de la brigade territoriale de la Gendarmerie nationale de Sidi Moussa, relevant de la 1ere RM, ont neutralis\u00e9 deux narcotrafiquants en possession de 36 kg de kif trait\u00e9, selon un communiqu\u00e9 du minist\u00e8re de la D\u00e9fense Nationale (MDN). La m\u00eame source a indiqu\u00e9 que les deux dealers ont \u00e9t\u00e9 arr\u00eat\u00e9s \u00e0 Sidi Moussa, [&hellip;]<\/p>\n","protected":false},"author":1740,"featured_media":0,"comment_status":"closed","ping_status":"closed","sticky":false,"template":"","format":"standard","meta":{"fifu_image_url":"","fifu_image_alt":"","footnotes":""},"categories":[53,76],"tags":[],"class_list":["post-39737","post","type-post","status-publish","format-standard","hentry","category-algerie","category-regions"],"_links":{"self":[{"href":"https:\/\/linitiative.ca\/International\/wp-json\/wp\/v2\/posts\/39737","targetHints":{"allow":["GET"]}}],"collection":[{"href":"https:\/\/linitiative.ca\/International\/wp-json\/wp\/v2\/posts"}],"about":[{"href":"https:\/\/linitiative.ca\/International\/wp-json\/wp\/v2\/types\/post"}],"author":[{"embeddable":true,"href":"https:\/\/linitiative.ca\/International\/wp-json\/wp\/v2\/users\/1740"}],"replies":[{"embeddable":true,"href":"https:\/\/linitiative.ca\/International\/wp-json\/wp\/v2\/comments?post=39737"}],"version-history":[{"count":0,"href":"https:\/\/linitiative.ca\/International\/wp-json\/wp\/v2\/posts\/39737\/revisions"}],"wp:attachment":[{"href":"https:\/\/linitiative.ca\/International\/wp-json\/wp\/v2\/media?parent=39737"}],"wp:term":[{"taxonomy":"category","embeddable":true,"href":"https:\/\/linitiative.ca\/International\/wp-json\/wp\/v2\/categories?post=39737"},{"taxonomy":"post_tag","embeddable":true,"href":"https:\/\/linitiative.ca\/International\/wp-json\/wp\/v2\/tags?post=39737"}],"curies":[{"name":"wp","href":"https:\/\/api.w.org\/{rel}","templated":true}]}}