{"id":39738,"date":"2019-06-09T19:00:00","date_gmt":"2019-06-09T23:00:00","guid":{"rendered":"https:\/\/linitiative.ca\/International\/commentaire-serenite\/"},"modified":"2019-06-09T19:00:00","modified_gmt":"2019-06-09T23:00:00","slug":"commentaire-serenite","status":"publish","type":"post","link":"https:\/\/linitiative.ca\/International\/commentaire-serenite\/","title":{"rendered":"Commentaire : S\u00e9r\u00e9nit\u00e9"},"content":{"rendered":"<p>Apr\u00e8s une ann\u00e9e scolaire relativement calme et sereine, l\u2019heure est aux examens de fin de cycles. Il y a une semaine, ce sont les \u00e9preuves de la cinqui\u00e8me qui se sont d\u00e9roul\u00e9es au niveau des diff\u00e9rents \u00e9tablissements primaires. Depuis hier, c\u2019est au tour des coll\u00e9giens d\u2019entamer leurs examens du Brevet d\u2019enseignement moyen(BEM), phase d\u2019\u00e9valuation importante qui consacre le passage aux \u00e9tudes secondaires. Ces deux examens seront suivis par le tr\u00e8s embl\u00e9matique bac qui focalise l\u2019attention des \u00e9l\u00e8ves et stresse les parents. Le coup d\u2019envoi du baccalaur\u00e9at, version 2019, est attendu pour dimanche prochain, marquant la cl\u00f4ture en apoth\u00e9ose de la fin de l\u2019ann\u00e9e scolaire qui n\u2019a pas connu, il faut le souligner, beaucoup de perturbations et gr\u00e8ves, en d\u00e9pit de la situation de r\u00e9voltes et de protestations que conna\u00eet le pays depuis le 22 f\u00e9vrier dernier.<br \/>Le cursus scolaire comme les pr\u00e9paratifs mat\u00e9riels des examens de fin d\u2019ann\u00e9e se sont d\u00e9roul\u00e9s dans de bonnes conditions. Les \u00e9preuves de fin d\u2019ann\u00e9e se d\u00e9roulent dans la s\u00e9r\u00e9nit\u00e9 totale, gr\u00e2ce au dispositif mat\u00e9riel et de s\u00e9curit\u00e9 mis en place par le gouvernement.<br \/>Toutes les conditions n\u00e9cessaires ont \u00e9t\u00e9 r\u00e9unies pour permettre aux \u00e9l\u00e8ves et lyc\u00e9ens de passer des examens dans un climat empreint de calme et qui\u00e9tude.<br \/>Il s\u2019agit d\u2019un challenge r\u00e9ussi et d\u2019un d\u00e9fi relev\u00e9 par les pouvoirs publics d\u2019organiser ces \u00e9preuves dans d\u2019excellentes conditions et sans perturbations.<br \/>C\u2019est d\u2019ailleurs, ce qui ressort de la d\u00e9claration faite par le ministre de l\u2019\u00c9ducation nationale, Abdelhakim Belabed, qui a affirm\u00e9 que \u00abtoutes les mesures ont \u00e9t\u00e9 prises pour assurer le bon d\u00e9roulement de ces \u00e9preuves\u00bb ; parmi les mesures pr\u00e9ventives d\u00e9cid\u00e9es et prises, il y a lieu de citer la mise en place des brouilleurs pour lutter contre la fraude et \u00e9viter tout risque de fuite des copies par voie digitale.<br \/>Tout est donc mis en place pour \u00e9viter les incidents qui ont \u00e9maill\u00e9 les pr\u00e9c\u00e9dentes sessions des ann\u00e9es pass\u00e9es. Depuis le d\u00e9but de l\u2019ann\u00e9e scolaire en cours, le gouvernement, et ce \u00e0 travers le minist\u00e8re de l\u2019\u00c9ducation, n\u2019a \u00e9pargn\u00e9 aucun effort dans l\u2019encadrement et l\u2019accompagnement, tant sur le plan p\u00e9dagogique, organisationnel que logistique, de la famille de l\u2019\u00e9ducation, enseignants et \u00e9l\u00e8ves.<br \/>Tout est engag\u00e9 pour atteindre l\u2019objectif trac\u00e9, celui de r\u00e9ussir une \u00e9cole de la performance, un syst\u00e8me \u00e9ducatif au niveau \u00e9lev\u00e9 tourn\u00e9 vers la science et la technologie. Apr\u00e8s des ann\u00e9es de r\u00e9formes engag\u00e9es, tous paliers confondus, le temps est venu pour cueillir les fruits de toutes les mesures p\u00e9dagogiques mises en \u0153uvre.<br \/>B\u00e2tir l\u2019\u00e9cole de demain et atteindre l\u2019excellence restent toujours des objectifs \u00e0 port\u00e9e de main, gr\u00e2ce aux efforts de la famille de l\u2019\u00e9ducation et \u00e0 l\u2019implication active des parents d\u2019\u00e9l\u00e8ves, dont la responsabilit\u00e9 est aussi importante que celle des enseignants. Il importe aux pouvoirs de r\u00e9unir toutes conditions mat\u00e9rielles et logistiques pour mieux accompagner les r\u00e9formes p\u00e9dagogiques en cours de mise en \u0153uvre. La modernisation des infrastructures scolaires, op\u00e9ration en cours d\u2019ex\u00e9cution, va se poursuivre pour offrir les moyens n\u00e9cessaires de qualit\u00e9 et un environnement propice \u00e0 la r\u00e9ussite.<br \/>M. Oumalek<\/p>\n<p>Auteur: elmoudjahid<br \/>\n<a href=\"http:\/\/www.elmoudjahid.com\/fr\/actualites\/137890\">Cliquez ici pour lire l&rsquo;article depuis sa source.<\/a><\/p>\n","protected":false},"excerpt":{"rendered":"<p>Apr\u00e8s une ann\u00e9e scolaire relativement calme et sereine, l\u2019heure est aux examens de fin de cycles. Il y a une semaine, ce sont les \u00e9preuves de la cinqui\u00e8me qui se sont d\u00e9roul\u00e9es au niveau des diff\u00e9rents \u00e9tablissements primaires. Depuis hier, c\u2019est au tour des coll\u00e9giens d\u2019entamer leurs examens du Brevet d\u2019enseignement moyen(BEM), phase d\u2019\u00e9valuation importante [&hellip;]<\/p>\n","protected":false},"author":1744,"featured_media":0,"comment_status":"closed","ping_status":"closed","sticky":false,"template":"","format":"standard","meta":{"fifu_image_url":"","fifu_image_alt":"","footnotes":""},"categories":[73,53],"tags":[],"class_list":["post-39738","post","type-post","status-publish","format-standard","hentry","category-actualite","category-algerie"],"_links":{"self":[{"href":"https:\/\/linitiative.ca\/International\/wp-json\/wp\/v2\/posts\/39738","targetHints":{"allow":["GET"]}}],"collection":[{"href":"https:\/\/linitiative.ca\/International\/wp-json\/wp\/v2\/posts"}],"about":[{"href":"https:\/\/linitiative.ca\/International\/wp-json\/wp\/v2\/types\/post"}],"author":[{"embeddable":true,"href":"https:\/\/linitiative.ca\/International\/wp-json\/wp\/v2\/users\/1744"}],"replies":[{"embeddable":true,"href":"https:\/\/linitiative.ca\/International\/wp-json\/wp\/v2\/comments?post=39738"}],"version-history":[{"count":0,"href":"https:\/\/linitiative.ca\/International\/wp-json\/wp\/v2\/posts\/39738\/revisions"}],"wp:attachment":[{"href":"https:\/\/linitiative.ca\/International\/wp-json\/wp\/v2\/media?parent=39738"}],"wp:term":[{"taxonomy":"category","embeddable":true,"href":"https:\/\/linitiative.ca\/International\/wp-json\/wp\/v2\/categories?post=39738"},{"taxonomy":"post_tag","embeddable":true,"href":"https:\/\/linitiative.ca\/International\/wp-json\/wp\/v2\/tags?post=39738"}],"curies":[{"name":"wp","href":"https:\/\/api.w.org\/{rel}","templated":true}]}}