{"id":39741,"date":"2019-06-10T05:50:06","date_gmt":"2019-06-10T09:50:06","guid":{"rendered":"https:\/\/linitiative.ca\/International\/algerie-des-ministres-et-un-homme-daffaires-entendus-par-le-juge-dinstruction\/"},"modified":"2019-06-10T05:50:06","modified_gmt":"2019-06-10T09:50:06","slug":"algerie-des-ministres-et-un-homme-daffaires-entendus-par-le-juge-dinstruction","status":"publish","type":"post","link":"https:\/\/linitiative.ca\/International\/algerie-des-ministres-et-un-homme-daffaires-entendus-par-le-juge-dinstruction\/","title":{"rendered":"Alg\u00e9rie: des ministres et un homme d\u2019affaires entendus par le juge d\u2019instruction"},"content":{"rendered":"<div readability=\"32\">\n<p>Publi\u00e9 le 10.06.2019 \u00e0 10h50 par AFP<\/p>\n<\/div>\n<div readability=\"81\">\n<p>Des ministres, de hauts responsables de l\u2019Agence nationale de promotion de l\u2019investissement (ANPI) et le patron d\u2019une usine, Mahieddine Tahkout, ont \u00e9t\u00e9 entendus dimanche par un juge d\u2019instruction du tribunal d\u2019Alger dans des affaires portant sur \u00ab\u00a0l\u2019octroi de privil\u00e8ges\u00a0\u00bb \u00e0 ce dernier, a indiqu\u00e9 l\u2019agence APS.<\/p>\n<p>M. Tahkout est le propri\u00e9taire de l\u2019usine de montage de voitures Hyundai, \u00e0 Tiaret, \u00e0 quelques 300 km \u00e0 l\u2019ouest d\u2019Alger.<\/p>\n<p>Le secteur du montage de l\u2019automobile, cens\u00e9 initialement \u00eatre le fleuron industriel du pays, a tourn\u00e9 au fiasco ces derni\u00e8res ann\u00e9es principalement en raison, selon les observateurs, du syst\u00e8me adopt\u00e9 qui consiste \u00e0 importer le v\u00e9hicule en kits pr\u00e9-mont\u00e9s, simplement rivet\u00e9s ou boulonn\u00e9s sur place.<\/p>\n<p>Plusieurs richissimes hommes d\u2019affaires, dont la plupart sont soup\u00e7onn\u00e9s d\u2019avoir obtenu des march\u00e9s publics gr\u00e2ce \u00e0 leurs liens avec l\u2019entourage de l\u2019ancien pr\u00e9sident Abdelaziz Bouteflika, ont \u00e9t\u00e9 plac\u00e9s en d\u00e9tention provisoire depuis sa d\u00e9mission le 2 avril, sous la pression d\u2019un mouvement de contestation populaire.<\/p>\n<p>Les observateurs craignent que ces arrestations servent \u00e0 offrir des \u00ab\u00a0t\u00eates\u00a0\u00bb au mouvement de contestation tout en proc\u00e9dant \u00e0 une \u00ab\u00a0purge\u00a0\u00bb au sein du pouvoir dans le cadre de luttes des clans au sommet.<\/p>\n<p>L\u2019ancien Premier ministre Ahmed Ouyahia, limog\u00e9 en mars pour tenter de calmer la rue, a \u00e9galement \u00e9t\u00e9 entendu dimanche par un juge d\u2019instruction du tribunal d\u2019Alger, selon la t\u00e9l\u00e9vision nationale.<\/p>\n<p>Aucune information n\u2019a filtr\u00e9 du palais de justice d\u2019Alger sur les motifs de sa comparution ni sur le statut -t\u00e9moin ou mis en cause- sous lequel M. Ouyahia a \u00e9t\u00e9 auditionn\u00e9.<\/p>\n<p>Le 30 avril, il avait \u00e9t\u00e9 entendu dans des dossiers \u00ab\u00a0de dilapidation de fonds publics et d\u2019avantages indus\u00a0\u00bb, selon la t\u00e9l\u00e9vision publique.<\/p>\n<\/div>\n<p>Auteur: AFP<br \/>\n<a href=\"https:\/\/www.journalducameroun.com\/algerie-des-ministres-et-un-homme-daffaires-entendus-par-le-juge-dinstruction\/\">Cliquez ici pour lire l&rsquo;article depuis sa source.<\/a><\/p>\n","protected":false},"excerpt":{"rendered":"<p>Publi\u00e9 le 10.06.2019 \u00e0 10h50 par AFP Des ministres, de hauts responsables de l\u2019Agence nationale de promotion de l\u2019investissement (ANPI) et le patron d\u2019une usine, Mahieddine Tahkout, ont \u00e9t\u00e9 entendus dimanche par un juge d\u2019instruction du tribunal d\u2019Alger dans des affaires portant sur \u00ab\u00a0l\u2019octroi de privil\u00e8ges\u00a0\u00bb \u00e0 ce dernier, a indiqu\u00e9 l\u2019agence APS. M. Tahkout [&hellip;]<\/p>\n","protected":false},"author":1965,"featured_media":0,"comment_status":"closed","ping_status":"closed","sticky":false,"template":"","format":"standard","meta":{"fifu_image_url":"","fifu_image_alt":"","footnotes":""},"categories":[73,82],"tags":[],"class_list":["post-39741","post","type-post","status-publish","format-standard","hentry","category-actualite","category-cameroun"],"_links":{"self":[{"href":"https:\/\/linitiative.ca\/International\/wp-json\/wp\/v2\/posts\/39741","targetHints":{"allow":["GET"]}}],"collection":[{"href":"https:\/\/linitiative.ca\/International\/wp-json\/wp\/v2\/posts"}],"about":[{"href":"https:\/\/linitiative.ca\/International\/wp-json\/wp\/v2\/types\/post"}],"author":[{"embeddable":true,"href":"https:\/\/linitiative.ca\/International\/wp-json\/wp\/v2\/users\/1965"}],"replies":[{"embeddable":true,"href":"https:\/\/linitiative.ca\/International\/wp-json\/wp\/v2\/comments?post=39741"}],"version-history":[{"count":0,"href":"https:\/\/linitiative.ca\/International\/wp-json\/wp\/v2\/posts\/39741\/revisions"}],"wp:attachment":[{"href":"https:\/\/linitiative.ca\/International\/wp-json\/wp\/v2\/media?parent=39741"}],"wp:term":[{"taxonomy":"category","embeddable":true,"href":"https:\/\/linitiative.ca\/International\/wp-json\/wp\/v2\/categories?post=39741"},{"taxonomy":"post_tag","embeddable":true,"href":"https:\/\/linitiative.ca\/International\/wp-json\/wp\/v2\/tags?post=39741"}],"curies":[{"name":"wp","href":"https:\/\/api.w.org\/{rel}","templated":true}]}}