{"id":39742,"date":"2019-06-09T15:45:00","date_gmt":"2019-06-09T19:45:00","guid":{"rendered":"https:\/\/linitiative.ca\/International\/quelles-solutions-pour-la-sortie-de-crise\/"},"modified":"2019-06-09T15:45:00","modified_gmt":"2019-06-09T19:45:00","slug":"quelles-solutions-pour-la-sortie-de-crise","status":"publish","type":"post","link":"https:\/\/linitiative.ca\/International\/quelles-solutions-pour-la-sortie-de-crise\/","title":{"rendered":"Quelles solutions pour   la sortie de crise?"},"content":{"rendered":"<p><br id=\"sep_para_1\" class=\"sep_para access\"\/><\/p>\n<div id=\"para_1\" class=\"para_31621340 resize\">\n<div class=\"texte access firstletter\">La classe politique et les d\u00e9cideurs alg\u00e9riens se sont accord\u00e9s sur la gravit\u00e9 de la situation de l\u2019Alg\u00e9rie. L\u2019impasse institutionnelle dans laquelle se trouve l\u2019Alg\u00e9rie, surtout apr\u00e8s l\u2019annulation des \u00e9lections pr\u00e9sidentielles pr\u00e9vues le 4 juillet, r\u00e9v\u00e8le les limites des solutions propos\u00e9es par les responsables de l\u2019\u00c9tat aux d\u00e9pens de la volont\u00e9 populaire exprim\u00e9e par les citoyens chaque vendredi. Ainsi, il ne se fait aucun doute qu\u2019une initiative qui rapprocherait les visions des diff\u00e9rents protagonistes doit \u00eatre prise en urgence. L\u2019ent\u00eatement du pouvoir \u00e0 imposer des \u00e9lections, alors qu\u2019il vient d\u2019essuyer un \u00e9chec pour celles du 4 juillet, ne pourra servir qu\u2019\u00e0 discr\u00e9diter l\u2019Alg\u00e9rie au niveau international. D\u2019autant qu\u2019en parall\u00e8le, il ne r\u00e9pond \u00e0 aucune revendication de la rue. L\u2019appel du chef de l\u2019\u00e9tat-major de l\u2019arm\u00e9e \u00e0 un dialogue \u00ab constructif \u00bb, pr\u00f4n\u00e9 par les anciens soutiens de Abdelaziz Bouteflika est rejet\u00e9 par la classe politique et la rue, n\u2019augure aucun changement dans la strat\u00e9gie des d\u00e9cideurs. Ces derniers s\u2019agrippent \u00e0 une solution constitutionnelle. Le sc\u00e9nario qui consiste au maintien de Bensalah et \u00e0 la d\u00e9mission de Noureddine Bedoui, qui serait accompagn\u00e9e par l\u2019installation d\u2019une commission ind\u00e9pendante de surveillance des \u00e9lections, ne r\u00e9pondrait pas aux revendications de la rue. Le peuple demande le d\u00e9part de tous les responsables de l\u2019impasse, surtout le chef de l\u2019\u00c9tat actuel, symbole par excellence de l\u2019\u00e8re bouteflikienne. Ce sc\u00e9nario risque aussi de reproduire la situation actuelle, sans candidats cr\u00e9dibles aux \u00e9lections prochaines. Un autre sc\u00e9nario serait la d\u00e9mission des t\u00eates r\u00e9clam\u00e9es par la rue, \u00e0 commencer par Bensalah \u00e0 la fin de son mandat et son remplacement par le pr\u00e9sident actuel du S\u00e9nat. Ce dernier pourrait nommer un gouvernement de comp\u00e9tences nationales pour la pr\u00e9paration des \u00e9lections pr\u00e9sidentielles, la gestion des affaires courantes et le suivi des dossiers au niveau international. Serait aussi cr\u00e9\u00e9e une instance ind\u00e9pendante pour la mise \u00e0 jour du fichier \u00e9lectoral, et une instance nouvelle de suivi des \u00e9lections de l\u2019ex\u00e9cutif, avec une date butoir pour l\u2019\u00e9lection pr\u00e9sidentielle. Cela serait un moindre mal, m\u00eame si cette solution ne risque pas de faire l\u2019unanimit\u00e9 au sein de la classe politique.<\/div>\n<\/div>\n<p>Auteur: Amina L.<br \/>\n<a href=\"https:\/\/www.reflexiondz.net\/Quelles-solutions-pour-la-sortie-de-crise_a56124.html\">Cliquez ici pour lire l&rsquo;article depuis sa source.<\/a><\/p>\n","protected":false},"excerpt":{"rendered":"<p>La classe politique et les d\u00e9cideurs alg\u00e9riens se sont accord\u00e9s sur la gravit\u00e9 de la situation de l\u2019Alg\u00e9rie. L\u2019impasse institutionnelle dans laquelle se trouve l\u2019Alg\u00e9rie, surtout apr\u00e8s l\u2019annulation des \u00e9lections pr\u00e9sidentielles pr\u00e9vues le 4 juillet, r\u00e9v\u00e8le les limites des solutions propos\u00e9es par les responsables de l\u2019\u00c9tat aux d\u00e9pens de la volont\u00e9 populaire exprim\u00e9e par les [&hellip;]<\/p>\n","protected":false},"author":1740,"featured_media":0,"comment_status":"closed","ping_status":"closed","sticky":false,"template":"","format":"standard","meta":{"fifu_image_url":"","fifu_image_alt":"","footnotes":""},"categories":[53,76],"tags":[],"class_list":["post-39742","post","type-post","status-publish","format-standard","hentry","category-algerie","category-regions"],"_links":{"self":[{"href":"https:\/\/linitiative.ca\/International\/wp-json\/wp\/v2\/posts\/39742","targetHints":{"allow":["GET"]}}],"collection":[{"href":"https:\/\/linitiative.ca\/International\/wp-json\/wp\/v2\/posts"}],"about":[{"href":"https:\/\/linitiative.ca\/International\/wp-json\/wp\/v2\/types\/post"}],"author":[{"embeddable":true,"href":"https:\/\/linitiative.ca\/International\/wp-json\/wp\/v2\/users\/1740"}],"replies":[{"embeddable":true,"href":"https:\/\/linitiative.ca\/International\/wp-json\/wp\/v2\/comments?post=39742"}],"version-history":[{"count":0,"href":"https:\/\/linitiative.ca\/International\/wp-json\/wp\/v2\/posts\/39742\/revisions"}],"wp:attachment":[{"href":"https:\/\/linitiative.ca\/International\/wp-json\/wp\/v2\/media?parent=39742"}],"wp:term":[{"taxonomy":"category","embeddable":true,"href":"https:\/\/linitiative.ca\/International\/wp-json\/wp\/v2\/categories?post=39742"},{"taxonomy":"post_tag","embeddable":true,"href":"https:\/\/linitiative.ca\/International\/wp-json\/wp\/v2\/tags?post=39742"}],"curies":[{"name":"wp","href":"https:\/\/api.w.org\/{rel}","templated":true}]}}