{"id":39748,"date":"2019-06-10T03:50:03","date_gmt":"2019-06-10T07:50:03","guid":{"rendered":"https:\/\/linitiative.ca\/International\/algerie-le-patron-du-groupe-tmc-mahieddine-tahkout-place-sous-mandat-de-depot\/"},"modified":"2019-06-10T03:50:03","modified_gmt":"2019-06-10T07:50:03","slug":"algerie-le-patron-du-groupe-tmc-mahieddine-tahkout-place-sous-mandat-de-depot","status":"publish","type":"post","link":"https:\/\/linitiative.ca\/International\/algerie-le-patron-du-groupe-tmc-mahieddine-tahkout-place-sous-mandat-de-depot\/","title":{"rendered":"Alg\u00e9rie: Le patron du groupe TMC, Mahieddine Tahkout plac\u00e9 sous mandat de d\u00e9p\u00f4t !"},"content":{"rendered":"<div class=\"post-cont-in left relative\">\n<div class=\"swp_social_panel swp_horizontal_panel swp_flat_fresh swp_default_full_color swp_individual_full_color swp_other_full_color scale-100 scale-\" data-min-width=\"1100\" data-float-color=\"#ffffff\" data-float=\"none\" data-float-mobile=\"none\" data-transition=\"slide\">\n<div class=\"nc_tweetContainer swp_share_button total_shares total_sharesalt\"><span class=\"swp_count\">16 <span class=\"swp_label\">Partages<\/span><\/span><\/div>\n<\/div>\n<p>Le patron du groupe TMC, Mahieddine Tahkout a \u00e9t\u00e9 plac\u00e9 sous mandat de d\u00e9p\u00f4t ce matin par le juge d\u2019instruction du tribunal de Sidi M\u2019hamed d\u2019Alger.<\/p>\n<p>La famille Tahkout est poursuivie dans plusieurs dossiers li\u00e9s \u00e0 l\u2019obtention d\u2019indus avantages et plusieurs membres de la famille sont toujours entendus par le juge d\u2019instruction, notamment ses deux\u00a0fils Billel et Hamid et son fr\u00e8re Rachid.<\/p>\n<div class=\"code-block code-block-1 c3\"><ins class=\"adsbygoogle c2\" data-ad-layout=\"in-article\" data-ad-format=\"fluid\" data-ad-client=\"ca-pub-2102118777505746\" data-ad-slot=\"7301775417\"\/> <\/div>\n<div class=\"mvp-org-wrap mvp-org-logo\" itemprop=\"publisher\" itemscope=\"\" itemtype=\"https:\/\/schema.org\/Organization\"><img decoding=\"async\" src=\"https:\/\/www.tunisienumerique.com\/wp-content\/uploads\/2017\/02\/logo_tunisie_numerique.png\"\/><\/div>\n<div class=\"swp_social_panel swp_horizontal_panel swp_flat_fresh swp_default_full_color swp_individual_full_color swp_other_full_color scale-100 scale-\" data-min-width=\"1100\" data-float-color=\"#ffffff\" data-float=\"none\" data-float-mobile=\"none\" data-transition=\"slide\">\n<div class=\"nc_tweetContainer swp_share_button total_shares total_sharesalt\"><span class=\"swp_count\">16 <span class=\"swp_label\">Partages<\/span><\/span><\/div>\n<\/div>\n<div class=\"mvp-related-posts left relative\">\n<h4 class=\"post-header\"><span class=\"post-header\">Lire aussi<\/span><\/h4>\n<\/div>\n<\/div>\n<p>Auteur: Mourad S<br \/>\n<a href=\"https:\/\/www.tunisienumerique.com\/algerie-le-patron-du-groupe-tmc-mahieddine-tahkout-place-sous-mandat-de-depot\/\">Cliquez ici pour lire l&rsquo;article depuis sa source.<\/a><\/p>\n","protected":false},"excerpt":{"rendered":"<p>16 Partages Le patron du groupe TMC, Mahieddine Tahkout a \u00e9t\u00e9 plac\u00e9 sous mandat de d\u00e9p\u00f4t ce matin par le juge d\u2019instruction du tribunal de Sidi M\u2019hamed d\u2019Alger. La famille Tahkout est poursuivie dans plusieurs dossiers li\u00e9s \u00e0 l\u2019obtention d\u2019indus avantages et plusieurs membres de la famille sont toujours entendus par le juge d\u2019instruction, notamment [&hellip;]<\/p>\n","protected":false},"author":1789,"featured_media":39750,"comment_status":"closed","ping_status":"closed","sticky":false,"template":"","format":"standard","meta":{"fifu_image_url":"","fifu_image_alt":"","footnotes":""},"categories":[73,55],"tags":[],"class_list":["post-39748","post","type-post","status-publish","format-standard","has-post-thumbnail","hentry","category-actualite","category-tunisie"],"_links":{"self":[{"href":"https:\/\/linitiative.ca\/International\/wp-json\/wp\/v2\/posts\/39748","targetHints":{"allow":["GET"]}}],"collection":[{"href":"https:\/\/linitiative.ca\/International\/wp-json\/wp\/v2\/posts"}],"about":[{"href":"https:\/\/linitiative.ca\/International\/wp-json\/wp\/v2\/types\/post"}],"author":[{"embeddable":true,"href":"https:\/\/linitiative.ca\/International\/wp-json\/wp\/v2\/users\/1789"}],"replies":[{"embeddable":true,"href":"https:\/\/linitiative.ca\/International\/wp-json\/wp\/v2\/comments?post=39748"}],"version-history":[{"count":0,"href":"https:\/\/linitiative.ca\/International\/wp-json\/wp\/v2\/posts\/39748\/revisions"}],"wp:featuredmedia":[{"embeddable":true,"href":"https:\/\/linitiative.ca\/International\/wp-json\/"}],"wp:attachment":[{"href":"https:\/\/linitiative.ca\/International\/wp-json\/wp\/v2\/media?parent=39748"}],"wp:term":[{"taxonomy":"category","embeddable":true,"href":"https:\/\/linitiative.ca\/International\/wp-json\/wp\/v2\/categories?post=39748"},{"taxonomy":"post_tag","embeddable":true,"href":"https:\/\/linitiative.ca\/International\/wp-json\/wp\/v2\/tags?post=39748"}],"curies":[{"name":"wp","href":"https:\/\/api.w.org\/{rel}","templated":true}]}}