{"id":39749,"date":"2019-06-09T15:45:00","date_gmt":"2019-06-09T19:45:00","guid":{"rendered":"https:\/\/linitiative.ca\/International\/ain-temouchent-6-kg-de-kif-rejetes-par-la-mer-a-bouzedjar\/"},"modified":"2019-06-09T15:45:00","modified_gmt":"2019-06-09T19:45:00","slug":"ain-temouchent-6-kg-de-kif-rejetes-par-la-mer-a-bouzedjar","status":"publish","type":"post","link":"https:\/\/linitiative.ca\/International\/ain-temouchent-6-kg-de-kif-rejetes-par-la-mer-a-bouzedjar\/","title":{"rendered":"AIN TEMOUCHENT : 6 kg de kif rejet\u00e9s  par la mer \u00e0 Bouzedjar"},"content":{"rendered":"<p><br id=\"sep_para_1\" class=\"sep_para access\"\/><\/p>\n<div id=\"para_1\" class=\"para_31621284 resize\">\n<div class=\"texte access firstletter\">Dans le cadre de la lutte contre les stup\u00e9fiants,\u00a0 les \u00e9l\u00e9ments des gardes c\u00f4tes du port de Bouzedjar relevant du groupement de B\u00e9ni Saf ont lors d\u2019une patrouille de routine d\u00e9couvert 6 kilogrammes de kif trait\u00e9 flottant sur l\u2019eau au niveau de la plage de Bouzedjar. Les m\u00eames \u00e9l\u00e9ments ont d\u00e8s lors proc\u00e9d\u00e9 \u00e0 un ratissage de la c\u00f4te afin que d\u2019autres quantit\u00e9s de kif ne tombent entre les mains des narcotrafiquants,\u00a0 conclut notre source.\u00a0\u00a0\u00a0<\/div>\n<\/div>\n<p>Auteur: H. Bouna<br \/>\n<a href=\"https:\/\/www.reflexiondz.net\/AIN-TEMOUCHENT-6-kg-de-kif-rejetes-par-la-mer-a-Bouzedjar_a56116.html\">Cliquez ici pour lire l&rsquo;article depuis sa source.<\/a><\/p>\n","protected":false},"excerpt":{"rendered":"<p>Dans le cadre de la lutte contre les stup\u00e9fiants,\u00a0 les \u00e9l\u00e9ments des gardes c\u00f4tes du port de Bouzedjar relevant du groupement de B\u00e9ni Saf ont lors d\u2019une patrouille de routine d\u00e9couvert 6 kilogrammes de kif trait\u00e9 flottant sur l\u2019eau au niveau de la plage de Bouzedjar. Les m\u00eames \u00e9l\u00e9ments ont d\u00e8s lors proc\u00e9d\u00e9 \u00e0 un [&hellip;]<\/p>\n","protected":false},"author":1740,"featured_media":0,"comment_status":"closed","ping_status":"closed","sticky":false,"template":"","format":"standard","meta":{"fifu_image_url":"","fifu_image_alt":"","footnotes":""},"categories":[53,76],"tags":[],"class_list":["post-39749","post","type-post","status-publish","format-standard","hentry","category-algerie","category-regions"],"_links":{"self":[{"href":"https:\/\/linitiative.ca\/International\/wp-json\/wp\/v2\/posts\/39749","targetHints":{"allow":["GET"]}}],"collection":[{"href":"https:\/\/linitiative.ca\/International\/wp-json\/wp\/v2\/posts"}],"about":[{"href":"https:\/\/linitiative.ca\/International\/wp-json\/wp\/v2\/types\/post"}],"author":[{"embeddable":true,"href":"https:\/\/linitiative.ca\/International\/wp-json\/wp\/v2\/users\/1740"}],"replies":[{"embeddable":true,"href":"https:\/\/linitiative.ca\/International\/wp-json\/wp\/v2\/comments?post=39749"}],"version-history":[{"count":0,"href":"https:\/\/linitiative.ca\/International\/wp-json\/wp\/v2\/posts\/39749\/revisions"}],"wp:attachment":[{"href":"https:\/\/linitiative.ca\/International\/wp-json\/wp\/v2\/media?parent=39749"}],"wp:term":[{"taxonomy":"category","embeddable":true,"href":"https:\/\/linitiative.ca\/International\/wp-json\/wp\/v2\/categories?post=39749"},{"taxonomy":"post_tag","embeddable":true,"href":"https:\/\/linitiative.ca\/International\/wp-json\/wp\/v2\/tags?post=39749"}],"curies":[{"name":"wp","href":"https:\/\/api.w.org\/{rel}","templated":true}]}}