{"id":39752,"date":"2019-06-10T05:01:34","date_gmt":"2019-06-10T09:01:34","guid":{"rendered":"https:\/\/linitiative.ca\/International\/ouverture-aujourdhui-a-sidi-fredj\/"},"modified":"2019-06-10T05:01:34","modified_gmt":"2019-06-10T09:01:34","slug":"ouverture-aujourdhui-a-sidi-fredj","status":"publish","type":"post","link":"https:\/\/linitiative.ca\/International\/ouverture-aujourdhui-a-sidi-fredj\/","title":{"rendered":"Ouverture aujourd\u2019hui \u00e0 Sidi Fredj"},"content":{"rendered":"<h4 class=\"title-14\">Tourisme et sport 2019<\/h4>\n<p class=\"p4\">L\u2019ouverture de la saison estivale, tourisme et sport 2019 se fera aujourd\u2019hui au complexe touristique de Sidi Fredj (Alger), en pr\u00e9sence des deux ministres du Tourisme et de la Jeunesse et des Sports.<\/p>\n<p class=\"p4\">L\u2019objectif est de r\u00e9habiliter les activit\u00e9s nautiques et introduire toutes les activit\u00e9s sportives dans les centres touristiques (sous l\u2019\u00e9gide du groupe HTT ex-Gestour) particuli\u00e8rement le Beach-volley (discipline olympique), la plong\u00e9e sous-marine, sport pour tous, la voile et le tennis, et ce, en partenariat avec les f\u00e9d\u00e9rations nationales sportives, les ligues sportives et les DJS des 14 wilayas c\u00f4ti\u00e8res.<\/p>\n<p class=\"p4\">Le sport en symbiose avec le tourisme sont deux moteurs de la promotion et du d\u00e9veloppement \u00e9conomique durable des destinations touristiques.<\/p>\n<p class=\"p4\">Il est \u00e0 rappeler que pour mieux comprendre les liens existant entre les deux secteurs, l\u2019OMT (Organisation mondiale du tourisme) et le Comit\u00e9 international olympique (CIO) ont organis\u00e9 ensemble, \u00e0 Barcelone, les 22 et 23 f\u00e9vrier 2001, la premi\u00e8re Conf\u00e9rence mondiale sur le sport et le tourisme, qui s\u2019articule autour de quatre th\u00e8mes principaux : le d\u00e9veloppement \u00e9conomique, le march\u00e9 du sport, la promotion des valeurs humaines et la commercialisation.<span class=\"Apple-converted-space\">\u00a0 \u00a0\u00a0<\/span><\/p>\n<p><span class=\"post-views-label\">Post Views:<\/span> <span class=\"post-views-count\">19<\/span><\/p>\n<p>Auteur: Anis Khecheba<br \/>\n<a href=\"https:\/\/www.elwatan.com\/edition\/sports\/ouverture-aujourdhui-a-sidi-fredj-10-06-2019\">Cliquez ici pour lire l&rsquo;article depuis sa source.<\/a><\/p>\n","protected":false},"excerpt":{"rendered":"<p>Tourisme et sport 2019 L\u2019ouverture de la saison estivale, tourisme et sport 2019 se fera aujourd\u2019hui au complexe touristique de Sidi Fredj (Alger), en pr\u00e9sence des deux ministres du Tourisme et de la Jeunesse et des Sports. L\u2019objectif est de r\u00e9habiliter les activit\u00e9s nautiques et introduire toutes les activit\u00e9s sportives dans les centres touristiques (sous [&hellip;]<\/p>\n","protected":false},"author":1743,"featured_media":0,"comment_status":"closed","ping_status":"closed","sticky":false,"template":"","format":"standard","meta":{"fifu_image_url":"","fifu_image_alt":"","footnotes":""},"categories":[73,53],"tags":[],"class_list":["post-39752","post","type-post","status-publish","format-standard","hentry","category-actualite","category-algerie"],"_links":{"self":[{"href":"https:\/\/linitiative.ca\/International\/wp-json\/wp\/v2\/posts\/39752","targetHints":{"allow":["GET"]}}],"collection":[{"href":"https:\/\/linitiative.ca\/International\/wp-json\/wp\/v2\/posts"}],"about":[{"href":"https:\/\/linitiative.ca\/International\/wp-json\/wp\/v2\/types\/post"}],"author":[{"embeddable":true,"href":"https:\/\/linitiative.ca\/International\/wp-json\/wp\/v2\/users\/1743"}],"replies":[{"embeddable":true,"href":"https:\/\/linitiative.ca\/International\/wp-json\/wp\/v2\/comments?post=39752"}],"version-history":[{"count":0,"href":"https:\/\/linitiative.ca\/International\/wp-json\/wp\/v2\/posts\/39752\/revisions"}],"wp:attachment":[{"href":"https:\/\/linitiative.ca\/International\/wp-json\/wp\/v2\/media?parent=39752"}],"wp:term":[{"taxonomy":"category","embeddable":true,"href":"https:\/\/linitiative.ca\/International\/wp-json\/wp\/v2\/categories?post=39752"},{"taxonomy":"post_tag","embeddable":true,"href":"https:\/\/linitiative.ca\/International\/wp-json\/wp\/v2\/tags?post=39752"}],"curies":[{"name":"wp","href":"https:\/\/api.w.org\/{rel}","templated":true}]}}