{"id":39754,"date":"2019-06-10T04:25:47","date_gmt":"2019-06-10T08:25:47","guid":{"rendered":"https:\/\/linitiative.ca\/International\/tunisie-50-ha-de-ble-consume-par-un-incendie-a-dahmani-au-kef\/"},"modified":"2019-06-10T04:25:47","modified_gmt":"2019-06-10T08:25:47","slug":"tunisie-50-ha-de-ble-consume-par-un-incendie-a-dahmani-au-kef","status":"publish","type":"post","link":"https:\/\/linitiative.ca\/International\/tunisie-50-ha-de-ble-consume-par-un-incendie-a-dahmani-au-kef\/","title":{"rendered":"Tunisie: 50 ha de bl\u00e9 consum\u00e9 par un incendie \u00e0 Dahmani au Kef"},"content":{"rendered":"<div class=\"post-cont-in left relative\">\n<div class=\"swp_social_panel swp_horizontal_panel swp_flat_fresh swp_default_full_color swp_individual_full_color swp_other_full_color scale-100 scale-\" data-min-width=\"1100\" data-float-color=\"#ffffff\" data-float=\"none\" data-float-mobile=\"none\" data-transition=\"slide\">\n<div class=\"nc_tweetContainer swp_share_button total_shares total_sharesalt\"><span class=\"swp_count\">142 <span class=\"swp_label\">Partages<\/span><\/span><\/div>\n<\/div>\n<p>Les sapeurs-pompiers de la direction r\u00e9gionale de la protection civile du Kef et les services forestiers de la r\u00e9gion ont r\u00e9ussi \u00e0 ma\u00eetriser lundi, 10 juin 2019, \u00e0 l\u2019aube, un incendie qui s\u2019est d\u00e9clar\u00e9 dimanche soir apr\u00e8s minuit, ravageant 50 hectares de c\u00e9r\u00e9ales dans la zone de Dahmani.<\/p>\n<p>Le gouvernorat du Kef a connu ces derniers jours plusieurs incendies survenus dans de vastes zones agricoles.<\/p>\n<div class=\"code-block code-block-1 c3\"><ins class=\"adsbygoogle c2\" data-ad-layout=\"in-article\" data-ad-format=\"fluid\" data-ad-client=\"ca-pub-2102118777505746\" data-ad-slot=\"7301775417\"\/> <\/div>\n<div class=\"mvp-org-wrap mvp-org-logo\" itemprop=\"publisher\" itemscope=\"\" itemtype=\"https:\/\/schema.org\/Organization\"><img decoding=\"async\" src=\"https:\/\/www.tunisienumerique.com\/wp-content\/uploads\/2017\/02\/logo_tunisie_numerique.png\"\/><\/div>\n<div class=\"swp_social_panel swp_horizontal_panel swp_flat_fresh swp_default_full_color swp_individual_full_color swp_other_full_color scale-100 scale-\" data-min-width=\"1100\" data-float-color=\"#ffffff\" data-float=\"none\" data-float-mobile=\"none\" data-transition=\"slide\">\n<div class=\"nc_tweetContainer swp_share_button total_shares total_sharesalt\"><span class=\"swp_count\">142 <span class=\"swp_label\">Partages<\/span><\/span><\/div>\n<\/div>\n<div class=\"mvp-related-posts left relative\">\n<h4 class=\"post-header\"><span class=\"post-header\">Lire aussi<\/span><\/h4>\n<\/div>\n<\/div>\n<p>Auteur: Mourad S<br \/>\n<a href=\"https:\/\/www.tunisienumerique.com\/tunisie-50-ha-de-ble-consume-par-un-incendie-a-dahmani-au-kef\/\">Cliquez ici pour lire l&rsquo;article depuis sa source.<\/a><\/p>\n","protected":false},"excerpt":{"rendered":"<p>142 Partages Les sapeurs-pompiers de la direction r\u00e9gionale de la protection civile du Kef et les services forestiers de la r\u00e9gion ont r\u00e9ussi \u00e0 ma\u00eetriser lundi, 10 juin 2019, \u00e0 l\u2019aube, un incendie qui s\u2019est d\u00e9clar\u00e9 dimanche soir apr\u00e8s minuit, ravageant 50 hectares de c\u00e9r\u00e9ales dans la zone de Dahmani. Le gouvernorat du Kef a [&hellip;]<\/p>\n","protected":false},"author":1789,"featured_media":39756,"comment_status":"closed","ping_status":"closed","sticky":false,"template":"","format":"standard","meta":{"fifu_image_url":"","fifu_image_alt":"","footnotes":""},"categories":[73,55],"tags":[],"class_list":["post-39754","post","type-post","status-publish","format-standard","has-post-thumbnail","hentry","category-actualite","category-tunisie"],"_links":{"self":[{"href":"https:\/\/linitiative.ca\/International\/wp-json\/wp\/v2\/posts\/39754","targetHints":{"allow":["GET"]}}],"collection":[{"href":"https:\/\/linitiative.ca\/International\/wp-json\/wp\/v2\/posts"}],"about":[{"href":"https:\/\/linitiative.ca\/International\/wp-json\/wp\/v2\/types\/post"}],"author":[{"embeddable":true,"href":"https:\/\/linitiative.ca\/International\/wp-json\/wp\/v2\/users\/1789"}],"replies":[{"embeddable":true,"href":"https:\/\/linitiative.ca\/International\/wp-json\/wp\/v2\/comments?post=39754"}],"version-history":[{"count":0,"href":"https:\/\/linitiative.ca\/International\/wp-json\/wp\/v2\/posts\/39754\/revisions"}],"wp:featuredmedia":[{"embeddable":true,"href":"https:\/\/linitiative.ca\/International\/wp-json\/"}],"wp:attachment":[{"href":"https:\/\/linitiative.ca\/International\/wp-json\/wp\/v2\/media?parent=39754"}],"wp:term":[{"taxonomy":"category","embeddable":true,"href":"https:\/\/linitiative.ca\/International\/wp-json\/wp\/v2\/categories?post=39754"},{"taxonomy":"post_tag","embeddable":true,"href":"https:\/\/linitiative.ca\/International\/wp-json\/wp\/v2\/tags?post=39754"}],"curies":[{"name":"wp","href":"https:\/\/api.w.org\/{rel}","templated":true}]}}