{"id":39758,"date":"2019-06-10T06:50:04","date_gmt":"2019-06-10T10:50:04","guid":{"rendered":"https:\/\/linitiative.ca\/International\/presidentielle-au-kazakhstan-respect-insuffisant-des-normes-democratiques-selon-les-observateurs\/"},"modified":"2019-06-10T06:50:04","modified_gmt":"2019-06-10T10:50:04","slug":"presidentielle-au-kazakhstan-respect-insuffisant-des-normes-democratiques-selon-les-observateurs","status":"publish","type":"post","link":"https:\/\/linitiative.ca\/International\/presidentielle-au-kazakhstan-respect-insuffisant-des-normes-democratiques-selon-les-observateurs\/","title":{"rendered":"Pr\u00e9sidentielle au Kazakhstan: \u00ab\u00a0respect insuffisant des normes d\u00e9mocratiques\u00a0\u00bb, selon les observateurs"},"content":{"rendered":"<div readability=\"32\">\n<p>Publi\u00e9 le 10.06.2019 \u00e0 11h50 par AFP<\/p>\n<\/div>\n<div readability=\"100\">\n<p>Les observateurs internationaux d\u00e9ploy\u00e9s pour surveiller la pr\u00e9sidentielle au Kazakhstan, remport\u00e9e par le chef de l\u2019Etat par int\u00e9rim, ont d\u00e9nonc\u00e9 lundi \u00ab\u00a0un respect insuffisant des normes d\u00e9mocratiques\u00a0\u00bb, avec peu de place \u00e0 la critique du pouvoir et des \u00ab\u00a0irr\u00e9gularit\u00e9s g\u00e9n\u00e9ralis\u00e9es\u00a0\u00bb.<\/p>\n<p>Le scrutin, remport\u00e9 avec plus de 70% par Kassym-Jomart Toka\u00efev, \u00ab\u00a0a montr\u00e9 un respect insuffisant des standards d\u00e9mocratiques\u00a0\u00bb, estime la mission men\u00e9e par l\u2019Organisation pour la S\u00e9curit\u00e9 et la Coop\u00e9ration en Europe (OSCE) dans son rapport.<\/p>\n<p>Elle rel\u00e8ve \u00ab\u00a0un manque de respect pour les droits fondamentaux, y compris des arrestations de manifestants pacifiques, et des irr\u00e9gularit\u00e9s g\u00e9n\u00e9ralis\u00e9es le jour du scrutin\u00a0\u00bb.<\/p>\n<p>\u00ab\u00a0Si le nombre de candidats pr\u00e9sentait en apparence une diversit\u00e9 politique, il y a eu peu de campagne critique\u00a0\u00bb, jugent les observateurs.<\/p>\n<p>\u00ab\u00a0L\u2019\u00e9lection a eu lieu dans un environnement politique domin\u00e9 par le parti au pouvoir et qui limitait les voix critiques. Dans le m\u00eame temps, les irr\u00e9gularit\u00e9s constat\u00e9es le jour du vote et le d\u00e9dain affich\u00e9 pour les proc\u00e9dures formelles signifient qu\u2019un d\u00e9compte honn\u00eate n\u2019a pas pu \u00eatre garanti\u00a0\u00bb, ajoutent-il.<\/p>\n<p>Le pr\u00e9sident par int\u00e9rim du Kazakhstan, Kassym-Jomart Toka\u00efev, a remport\u00e9 la pr\u00e9sidentielle anticip\u00e9e de dimanche avec 70,8% des voix, selon la Commission \u00e9lectorale centrale.<\/p>\n<p>Son plus proche rival, Amirjan Kossanov, a obtenu 16,2% lors de ce scrutin convoqu\u00e9 dans cette ex-r\u00e9publique sovi\u00e9tique d\u2019Asie centrale apr\u00e8s la d\u00e9mission surprise en mars de Noursoultan Nazarba\u00efev, qui avait dirig\u00e9 sans partage le pays depuis son ind\u00e9pendance en 1991.<\/p>\n<p>La victoire de M. Toka\u00efev, un diplomate de carri\u00e8re de 66 ans, ne faisait gu\u00e8re de doute puisqu\u2019il \u00e9tait soutenu par l\u2019ex-pr\u00e9sident.<\/p>\n<p>\u00ab\u00a0Cette \u00e9lection repr\u00e9sentait un moment important pour la soci\u00e9t\u00e9 kazakhe (\u2026) Malgr\u00e9 la pr\u00e9sence de sept candidats dont pour la premi\u00e8re fois une femme, le scrutin a montr\u00e9 qu\u2019il existe un besoin pour une r\u00e9elle consolidation d\u00e9mocratique et d\u2019importantes r\u00e9formes politiques, sociales et l\u00e9gales\u00a0\u00bb, a jug\u00e9 George Tsereteli, le chef de la mission de l\u2019OSCE, cit\u00e9 dans le communiqu\u00e9.<\/p>\n<p>Le scrutin a \u00e9t\u00e9 marqu\u00e9 par d\u2019importantes manifestations \u00e0 travers le pays, les protestataires appelant au boycott d\u2019une \u00e9lection qu\u2019ils estimaient jou\u00e9e d\u2019avance. Dans les deux principales villes kazakhes, la capitale Nur-Sultan et Almaty, des journalistes de l\u2019AFP ont \u00e9t\u00e9 t\u00e9moins de plusieurs centaines d\u2019arrestations.<\/p>\n<\/div>\n<p>Auteur: AFP<br \/>\n<a href=\"https:\/\/www.journalducameroun.com\/presidentielle-au-kazakhstan-respect-insuffisant-des-normes-democratiques-selon-les-observateurs\/\">Cliquez ici pour lire l&rsquo;article depuis sa source.<\/a><\/p>\n","protected":false},"excerpt":{"rendered":"<p>Publi\u00e9 le 10.06.2019 \u00e0 11h50 par AFP Les observateurs internationaux d\u00e9ploy\u00e9s pour surveiller la pr\u00e9sidentielle au Kazakhstan, remport\u00e9e par le chef de l\u2019Etat par int\u00e9rim, ont d\u00e9nonc\u00e9 lundi \u00ab\u00a0un respect insuffisant des normes d\u00e9mocratiques\u00a0\u00bb, avec peu de place \u00e0 la critique du pouvoir et des \u00ab\u00a0irr\u00e9gularit\u00e9s g\u00e9n\u00e9ralis\u00e9es\u00a0\u00bb. Le scrutin, remport\u00e9 avec plus de 70% par [&hellip;]<\/p>\n","protected":false},"author":1965,"featured_media":0,"comment_status":"closed","ping_status":"closed","sticky":false,"template":"","format":"standard","meta":{"fifu_image_url":"","fifu_image_alt":"","footnotes":""},"categories":[73,82],"tags":[],"class_list":["post-39758","post","type-post","status-publish","format-standard","hentry","category-actualite","category-cameroun"],"_links":{"self":[{"href":"https:\/\/linitiative.ca\/International\/wp-json\/wp\/v2\/posts\/39758","targetHints":{"allow":["GET"]}}],"collection":[{"href":"https:\/\/linitiative.ca\/International\/wp-json\/wp\/v2\/posts"}],"about":[{"href":"https:\/\/linitiative.ca\/International\/wp-json\/wp\/v2\/types\/post"}],"author":[{"embeddable":true,"href":"https:\/\/linitiative.ca\/International\/wp-json\/wp\/v2\/users\/1965"}],"replies":[{"embeddable":true,"href":"https:\/\/linitiative.ca\/International\/wp-json\/wp\/v2\/comments?post=39758"}],"version-history":[{"count":0,"href":"https:\/\/linitiative.ca\/International\/wp-json\/wp\/v2\/posts\/39758\/revisions"}],"wp:attachment":[{"href":"https:\/\/linitiative.ca\/International\/wp-json\/wp\/v2\/media?parent=39758"}],"wp:term":[{"taxonomy":"category","embeddable":true,"href":"https:\/\/linitiative.ca\/International\/wp-json\/wp\/v2\/categories?post=39758"},{"taxonomy":"post_tag","embeddable":true,"href":"https:\/\/linitiative.ca\/International\/wp-json\/wp\/v2\/tags?post=39758"}],"curies":[{"name":"wp","href":"https:\/\/api.w.org\/{rel}","templated":true}]}}