{"id":39760,"date":"2019-06-10T04:29:35","date_gmt":"2019-06-10T08:29:35","guid":{"rendered":"https:\/\/linitiative.ca\/International\/etats-unis-le-chene-plante-par-macron-et-trump-na-pas-survecu\/"},"modified":"2019-06-10T04:29:35","modified_gmt":"2019-06-10T08:29:35","slug":"etats-unis-le-chene-plante-par-macron-et-trump-na-pas-survecu","status":"publish","type":"post","link":"https:\/\/linitiative.ca\/International\/etats-unis-le-chene-plante-par-macron-et-trump-na-pas-survecu\/","title":{"rendered":"Etats-Unis- Le ch\u00eane plant\u00e9 par Macron et Trump n\u2019a pas surv\u00e9cu"},"content":{"rendered":"<div class=\"post-cont-in left relative\">\n<div class=\"swp_social_panel swp_horizontal_panel swp_flat_fresh swp_default_full_color swp_individual_full_color swp_other_full_color scale-100 scale-\" data-min-width=\"1100\" data-float-color=\"#ffffff\" data-float=\"none\" data-float-mobile=\"none\" data-transition=\"slide\">\n<div class=\"nc_tweetContainer swp_share_button total_shares total_sharesalt\"><span class=\"swp_count\">45 <span class=\"swp_label\">Partages<\/span><\/span><\/div>\n<\/div>\n<p>L\u2019arbre plant\u00e9 en avril 2018 \u00e0 la maison blanche, symbolisant les liens entre le pr\u00e9sident fran\u00e7ais Emanuel Macron et son homologue Donald Trump, n\u2019a pas surv\u00e9cu \u00e0 sa p\u00e9riode de quarantaine obligatoire.<\/p>\n<p>L\u2019arbre\u00a0devait symboliser la force des liens unissant les deux pays et comm\u00e9morer le sacrifice de 2.000 marines am\u00e9ricains dans le Bois Belleau pendant la Premi\u00e8re guerre mondiale, un si\u00e8cle auparavant. C\u2019est d\u2019ailleurs de ce m\u00eame bois qu\u2019il venait.<\/p>\n<div class=\"code-block code-block-1 c3\"><ins class=\"adsbygoogle c2\" data-ad-layout=\"in-article\" data-ad-format=\"fluid\" data-ad-client=\"ca-pub-2102118777505746\" data-ad-slot=\"7301775417\"\/> <\/div>\n<p>Le ch\u00eane symbole de l\u2019amiti\u00e9 franco-am\u00e9ricaine\u00a0avait presque imm\u00e9diatement disparu, pour \u00eatre plac\u00e9 en quarantaine. Selon l\u2019ancien ambassadeur de France aux Etats-Unis, G\u00e9rard Araud, \u201cc\u2019est obligatoire pour tout organisme vivant import\u00e9 aux Etats-Unis\u201d, soulignant qu\u2019il sera replant\u00e9 apr\u00e8s.<\/p>\n<p>Mais, l\u2019arbre n\u2019a jamais \u00e9t\u00e9 replant\u00e9 car il est mort durant sa quarantaine, confirme l\u2019AFP<\/p>\n<div class=\"mvp-org-wrap mvp-org-logo\" itemprop=\"publisher\" itemscope=\"\" itemtype=\"https:\/\/schema.org\/Organization\"><img decoding=\"async\" src=\"https:\/\/www.tunisienumerique.com\/wp-content\/uploads\/2017\/02\/logo_tunisie_numerique.png\"\/><\/div>\n<div class=\"swp_social_panel swp_horizontal_panel swp_flat_fresh swp_default_full_color swp_individual_full_color swp_other_full_color scale-100 scale-\" data-min-width=\"1100\" data-float-color=\"#ffffff\" data-float=\"none\" data-float-mobile=\"none\" data-transition=\"slide\">\n<div class=\"nc_tweetContainer swp_share_button total_shares total_sharesalt\"><span class=\"swp_count\">45 <span class=\"swp_label\">Partages<\/span><\/span><\/div>\n<\/div>\n<div class=\"mvp-related-posts left relative\">\n<h4 class=\"post-header\"><span class=\"post-header\">Lire aussi<\/span><\/h4>\n<\/div>\n<\/div>\n<p>Auteur: Laameri Dorsaf<br \/>\n<a href=\"https:\/\/www.tunisienumerique.com\/etats-unis-le-chene-plante-par-macron-et-trump-na-pas-survecu\/\">Cliquez ici pour lire l&rsquo;article depuis sa source.<\/a><\/p>\n","protected":false},"excerpt":{"rendered":"<p>45 Partages L\u2019arbre plant\u00e9 en avril 2018 \u00e0 la maison blanche, symbolisant les liens entre le pr\u00e9sident fran\u00e7ais Emanuel Macron et son homologue Donald Trump, n\u2019a pas surv\u00e9cu \u00e0 sa p\u00e9riode de quarantaine obligatoire. L\u2019arbre\u00a0devait symboliser la force des liens unissant les deux pays et comm\u00e9morer le sacrifice de 2.000 marines am\u00e9ricains dans le Bois [&hellip;]<\/p>\n","protected":false},"author":1789,"featured_media":39761,"comment_status":"closed","ping_status":"closed","sticky":false,"template":"","format":"standard","meta":{"fifu_image_url":"","fifu_image_alt":"","footnotes":""},"categories":[73,55],"tags":[],"class_list":["post-39760","post","type-post","status-publish","format-standard","has-post-thumbnail","hentry","category-actualite","category-tunisie"],"_links":{"self":[{"href":"https:\/\/linitiative.ca\/International\/wp-json\/wp\/v2\/posts\/39760","targetHints":{"allow":["GET"]}}],"collection":[{"href":"https:\/\/linitiative.ca\/International\/wp-json\/wp\/v2\/posts"}],"about":[{"href":"https:\/\/linitiative.ca\/International\/wp-json\/wp\/v2\/types\/post"}],"author":[{"embeddable":true,"href":"https:\/\/linitiative.ca\/International\/wp-json\/wp\/v2\/users\/1789"}],"replies":[{"embeddable":true,"href":"https:\/\/linitiative.ca\/International\/wp-json\/wp\/v2\/comments?post=39760"}],"version-history":[{"count":0,"href":"https:\/\/linitiative.ca\/International\/wp-json\/wp\/v2\/posts\/39760\/revisions"}],"wp:featuredmedia":[{"embeddable":true,"href":"https:\/\/linitiative.ca\/International\/wp-json\/"}],"wp:attachment":[{"href":"https:\/\/linitiative.ca\/International\/wp-json\/wp\/v2\/media?parent=39760"}],"wp:term":[{"taxonomy":"category","embeddable":true,"href":"https:\/\/linitiative.ca\/International\/wp-json\/wp\/v2\/categories?post=39760"},{"taxonomy":"post_tag","embeddable":true,"href":"https:\/\/linitiative.ca\/International\/wp-json\/wp\/v2\/tags?post=39760"}],"curies":[{"name":"wp","href":"https:\/\/api.w.org\/{rel}","templated":true}]}}