{"id":39763,"date":"2019-06-10T07:50:02","date_gmt":"2019-06-10T11:50:02","guid":{"rendered":"https:\/\/linitiative.ca\/International\/la-france-rapatrie-de-syrie-douze-enfants-orphelins-de-jihadistes\/"},"modified":"2019-06-10T07:50:02","modified_gmt":"2019-06-10T11:50:02","slug":"la-france-rapatrie-de-syrie-douze-enfants-orphelins-de-jihadistes","status":"publish","type":"post","link":"https:\/\/linitiative.ca\/International\/la-france-rapatrie-de-syrie-douze-enfants-orphelins-de-jihadistes\/","title":{"rendered":"La France rapatrie de Syrie douze enfants orphelins de jihadistes"},"content":{"rendered":"<div readability=\"32\">\n<p>Publi\u00e9 le 10.06.2019 \u00e0 12h50 par AFP<\/p>\n<\/div>\n<div readability=\"81\">\n<p>La France a rapatri\u00e9 lundi matin douze enfants de jihadistes fran\u00e7ais qui se trouvaient dans le nord-est de la Syrie ainsi que deux N\u00e9erlandais qui seront remis aux Pays-Bas, a annonc\u00e9 le minist\u00e8re des Affaires \u00e9trang\u00e8res.<\/p>\n<p>Les enfants fran\u00e7ais \u00e9taient tous des \u00ab\u00a0orphelins, isol\u00e9s et particul\u00e8rement vuln\u00e9rables\u00a0\u00bb, \u00ab\u00a0certains sont malades et d\u00e9nutris\u00a0\u00bb a pr\u00e9cis\u00e9 un repr\u00e9sentant du minist\u00e8re lors d\u2019un point de presse, ajoutant que \u00ab\u00a0des examens m\u00e9dicaux sont en cours\u00a0\u00bb.<\/p>\n<p>Ils avaient \u00e9t\u00e9 remis dimanche par les autorit\u00e9s locales kurdes en Syrie \u00e0 une d\u00e9l\u00e9gation fran\u00e7aise.<\/p>\n<p>C\u2019est le deuxi\u00e8me retour de ce type organis\u00e9 depuis la liquidation de l\u2019ultime poche de r\u00e9sistance de l\u2019Etat Islamique, dans l\u2019est de la Syrie: cinq orphelins avaient \u00e9t\u00e9 ramen\u00e9s en France le 15 mars.<\/p>\n<p>Par ailleurs une fillette de trois ans a \u00e9t\u00e9 ramen\u00e9e le 27 mars, dont la m\u00e8re a \u00e9t\u00e9 condamn\u00e9e \u00e0 la perp\u00e9tuit\u00e9 en Irak.<\/p>\n<p>Selon le minist\u00e8re fran\u00e7ais des Affaires \u00e9trang\u00e8res, environ 450 ressortissants fran\u00e7ais affili\u00e9s \u00e0 l\u2019EI sont d\u00e9tenus en prison ou retenus dans des camps de r\u00e9fugi\u00e9s.<\/p>\n<p>Le minist\u00e8re a laiss\u00e9 entendre lundi qu\u2019une troisi\u00e8me op\u00e9ration identique pourrait avoir lieu \u00ab\u00a0dans le futur\u00a0\u00bb et selon \u00ab\u00a0les m\u00eames crit\u00e8res: orphelins, isol\u00e9s, vuln\u00e9rables\u00a0\u00bb.<\/p>\n<p>Les autorit\u00e9s kurdes ont, \u00e0 maintes reprises, alert\u00e9 sur la situation humanitaire du camp d\u2019Al-Hol, r\u00e9clamant plus d\u2019aide. Les ONG ont aussi d\u00e9nonc\u00e9 des conditions extr\u00eames, notamment une malnutrition aigu\u00eb chez les enfants et le manque de soins m\u00e9dicaux.<\/p>\n<p>Ces camps du nord-est syrien accueillent aujourd\u2019hui quelque 12.000 \u00e9trangers, dont 4.000 femmes et 8.000 enfants de jihadistes gard\u00e9s sous haute surveillance.<\/p>\n<p>Parmi les pays concern\u00e9s, la France se montre particuli\u00e8rement r\u00e9ticente \u00e0 r\u00e9cup\u00e9rer ses ressortissants, y compris les enfants, qu\u2019elle refuse a priori d\u2019accueillir avec leur m\u00e8re.<\/p>\n<\/div>\n<p>Auteur: AFP<br \/>\n<a href=\"https:\/\/www.journalducameroun.com\/la-france-rapatrie-de-syrie-douze-enfants-orphelins-de-jihadistes\/\">Cliquez ici pour lire l&rsquo;article depuis sa source.<\/a><\/p>\n","protected":false},"excerpt":{"rendered":"<p>Publi\u00e9 le 10.06.2019 \u00e0 12h50 par AFP La France a rapatri\u00e9 lundi matin douze enfants de jihadistes fran\u00e7ais qui se trouvaient dans le nord-est de la Syrie ainsi que deux N\u00e9erlandais qui seront remis aux Pays-Bas, a annonc\u00e9 le minist\u00e8re des Affaires \u00e9trang\u00e8res. Les enfants fran\u00e7ais \u00e9taient tous des \u00ab\u00a0orphelins, isol\u00e9s et particul\u00e8rement vuln\u00e9rables\u00a0\u00bb, \u00ab\u00a0certains [&hellip;]<\/p>\n","protected":false},"author":1965,"featured_media":0,"comment_status":"closed","ping_status":"closed","sticky":false,"template":"","format":"standard","meta":{"fifu_image_url":"","fifu_image_alt":"","footnotes":""},"categories":[73,82],"tags":[],"class_list":["post-39763","post","type-post","status-publish","format-standard","hentry","category-actualite","category-cameroun"],"_links":{"self":[{"href":"https:\/\/linitiative.ca\/International\/wp-json\/wp\/v2\/posts\/39763","targetHints":{"allow":["GET"]}}],"collection":[{"href":"https:\/\/linitiative.ca\/International\/wp-json\/wp\/v2\/posts"}],"about":[{"href":"https:\/\/linitiative.ca\/International\/wp-json\/wp\/v2\/types\/post"}],"author":[{"embeddable":true,"href":"https:\/\/linitiative.ca\/International\/wp-json\/wp\/v2\/users\/1965"}],"replies":[{"embeddable":true,"href":"https:\/\/linitiative.ca\/International\/wp-json\/wp\/v2\/comments?post=39763"}],"version-history":[{"count":0,"href":"https:\/\/linitiative.ca\/International\/wp-json\/wp\/v2\/posts\/39763\/revisions"}],"wp:attachment":[{"href":"https:\/\/linitiative.ca\/International\/wp-json\/wp\/v2\/media?parent=39763"}],"wp:term":[{"taxonomy":"category","embeddable":true,"href":"https:\/\/linitiative.ca\/International\/wp-json\/wp\/v2\/categories?post=39763"},{"taxonomy":"post_tag","embeddable":true,"href":"https:\/\/linitiative.ca\/International\/wp-json\/wp\/v2\/tags?post=39763"}],"curies":[{"name":"wp","href":"https:\/\/api.w.org\/{rel}","templated":true}]}}