{"id":39764,"date":"2019-06-10T06:06:15","date_gmt":"2019-06-10T10:06:15","guid":{"rendered":"https:\/\/linitiative.ca\/International\/visa-schengen-les-marocains-devront-payer-plus-cher\/"},"modified":"2019-06-10T06:06:15","modified_gmt":"2019-06-10T10:06:15","slug":"visa-schengen-les-marocains-devront-payer-plus-cher","status":"publish","type":"post","link":"https:\/\/linitiative.ca\/International\/visa-schengen-les-marocains-devront-payer-plus-cher\/","title":{"rendered":"Visa Schengen : les Marocains devront payer plus cher"},"content":{"rendered":"<p>L\u2019UE impose aux Marocains de nouvelles mesures pour l\u2019obtention des visas Schengen. Ainsi, les frais pour l\u2019obtention de ce visa passeront de 60 euros \u00e0 80 euros, une fois que le r\u00e8glement modifi\u00e9 entrera en vigueur, indique le Conseil de l\u2019Union europ\u00e9enne (UE).<\/p>\n<div class=\"c10\"\/>\n<p>Les voyageurs ayant besoin d\u2019un visa Schengen devront donc s\u2019acquitter de frais de visa plus \u00e9lev\u00e9s. Par ailleurs, les ressortissants marocains auront la possibilit\u00e9 de d\u00e9poser leurs demandes de visas six mois avant leurs voyages et au plus tard 15 jours avant leur d\u00e9part.<\/p>\n<p>\u00abPour que les \u00c9tats membres puissent mieux couvrir les co\u00fbts de traitement des visas sans constituer un \u00e9l\u00e9ment dissuasif pour les demandeurs de visa, les frais de visa seront augment\u00e9s \u00e0 80 euros. Le r\u00e8glement introduit \u00e9galement un m\u00e9canisme permettant de v\u00e9rifier tous les trois ans si les frais de visa doivent \u00eatre modifi\u00e9s\u00bb, selon la m\u00eame source.<\/p>\n<p>Signalons que les Marocains ne pourront plus obtenir de visas Schengen pour cet \u00e9t\u00e9, les demandes ayant \u00e9t\u00e9 d\u00e9j\u00e0 satur\u00e9es. En effet, des prestataires, dont BLS International ou TLS contact ne pourront pas d\u00e9livrer de visas Schengen, pour les quatre prochains moins, aupr\u00e8s des consulats de France, d\u2019Italie et d\u2019Espagne. Et pour cause, une forte demande et une saturation des calendriers.<\/p>\n<p>Pour rappel, le ministre espagnol des Affaires \u00e9trang\u00e8res, de l\u2019Union europ\u00e9enne et de la coop\u00e9ration, Josep Borrell, avait indiqu\u00e9, le lundi 3 juin, \u00e0 Rabat, que son pays s\u2019engage \u00e0 renforcer les prestations consulaires au Maroc, face \u00e0 la croissante demande de visas Schengen aupr\u00e8s des consulats d\u2019Espagne au Royaume.<\/p>\n<p>\u00ab Nous sommes d\u00e9bord\u00e9s (\u2026). Cette ann\u00e9e nous recevrons 250.000 demandes de visas, c\u2019est \u00e0 dire une augmentation annuelle de 10 pc au cours des derni\u00e8res ann\u00e9es \u00bb, avait expliqu\u00e9 le ministre espagnol.<\/p>\n<p>\u00ab Nous demandons des excuses aux citoyens marocains pour les longs d\u00e9lais d\u2019attente \u00bb, avait-il ajout\u00e9, assurant que les services consulaires espagnols dans le Royaume feront de leur mieux pour surmonter cette situation.<\/p>\n<div class=\"c17\">\n<fieldset class=\"c16\">\n<legend><strong><span class=\"c11\">Challenge<\/span><span class=\"c12\">news<\/span><\/strong><\/legend>\n<div class=\"c15\">Le meilleur de la r\u00e9daction s\u00e9lectionn\u00e9 par Challenge :<\/p>\n<\/div>\n<\/fieldset>\n<\/div>\n<p>Auteur: Hassan Manyani<br \/>\n<a href=\"https:\/\/www.challenge.ma\/visa-schengen-les-marocains-devront-payer-plus-cher-110447\/\">Cliquez ici pour lire l&rsquo;article depuis sa source.<\/a><\/p>\n","protected":false},"excerpt":{"rendered":"<p>L\u2019UE impose aux Marocains de nouvelles mesures pour l\u2019obtention des visas Schengen. Ainsi, les frais pour l\u2019obtention de ce visa passeront de 60 euros \u00e0 80 euros, une fois que le r\u00e8glement modifi\u00e9 entrera en vigueur, indique le Conseil de l\u2019Union europ\u00e9enne (UE). Les voyageurs ayant besoin d\u2019un visa Schengen devront donc s\u2019acquitter de frais [&hellip;]<\/p>\n","protected":false},"author":1787,"featured_media":0,"comment_status":"closed","ping_status":"closed","sticky":false,"template":"","format":"standard","meta":{"fifu_image_url":"","fifu_image_alt":"","footnotes":""},"categories":[78,54],"tags":[],"class_list":["post-39764","post","type-post","status-publish","format-standard","hentry","category-economie","category-maroc"],"_links":{"self":[{"href":"https:\/\/linitiative.ca\/International\/wp-json\/wp\/v2\/posts\/39764","targetHints":{"allow":["GET"]}}],"collection":[{"href":"https:\/\/linitiative.ca\/International\/wp-json\/wp\/v2\/posts"}],"about":[{"href":"https:\/\/linitiative.ca\/International\/wp-json\/wp\/v2\/types\/post"}],"author":[{"embeddable":true,"href":"https:\/\/linitiative.ca\/International\/wp-json\/wp\/v2\/users\/1787"}],"replies":[{"embeddable":true,"href":"https:\/\/linitiative.ca\/International\/wp-json\/wp\/v2\/comments?post=39764"}],"version-history":[{"count":0,"href":"https:\/\/linitiative.ca\/International\/wp-json\/wp\/v2\/posts\/39764\/revisions"}],"wp:attachment":[{"href":"https:\/\/linitiative.ca\/International\/wp-json\/wp\/v2\/media?parent=39764"}],"wp:term":[{"taxonomy":"category","embeddable":true,"href":"https:\/\/linitiative.ca\/International\/wp-json\/wp\/v2\/categories?post=39764"},{"taxonomy":"post_tag","embeddable":true,"href":"https:\/\/linitiative.ca\/International\/wp-json\/wp\/v2\/tags?post=39764"}],"curies":[{"name":"wp","href":"https:\/\/api.w.org\/{rel}","templated":true}]}}