{"id":39769,"date":"2019-06-10T04:47:23","date_gmt":"2019-06-10T08:47:23","guid":{"rendered":"https:\/\/linitiative.ca\/International\/caf-vers-changer-la-date-et-le-lieu-de-la-finale-est-wac\/"},"modified":"2019-06-10T04:47:23","modified_gmt":"2019-06-10T08:47:23","slug":"caf-vers-changer-la-date-et-le-lieu-de-la-finale-est-wac","status":"publish","type":"post","link":"https:\/\/linitiative.ca\/International\/caf-vers-changer-la-date-et-le-lieu-de-la-finale-est-wac\/","title":{"rendered":"CAF : Vers changer la date et le lieu de la finale EST-WAC"},"content":{"rendered":"<div class=\"nc_socialPanel swp_flatFresh swp_d_fullColor swp_i_fullColor swp_o_fullColor scale-100 scale-fullWidth\" data-position=\"none\" data-float=\"floatNone\" data-count=\"5\" data-floatcolor=\"#ffffff\" data-emphasize=\"0\">\n<div class=\"nc_tweetContainer totes totesalt\" data-id=\"6\"><span class=\"swp_count\"><span class=\"swp_label\">Partages<\/span> 0<\/span><\/div>\n<\/div>\n<p>Selon le journal \u00e9lectronique marocain \u201cHespress\u201d, la Conf\u00e9d\u00e9ration africaine de football (CAF) envisage de faire jouer la finale retour de la Ligue des champions avant le d\u00e9but de la Coupe d\u2019Afrique des Nations en \u00c9gypte, contrairement \u00e0 ce qui avait \u00e9t\u00e9 d\u00e9cid\u00e9 il y a quelques jours de reprogrammer apr\u00e8s la CAN sur un terrain neutre.<\/p>\n<p>Selon la m\u00eame source, une crise juridique pourrait accompagner le report de la rencontre apr\u00e8s la CAN : certains joueurs seront en fin de contrat plus tard ce mois-ci et que les nouvelles recrues ne pourront pas participer car ils ne sont pas inscrites \u00e0 la liste de la comp\u00e9tition de 2019. Ce qui a incit\u00e9 les responsables de la CAF \u00e0 r\u00e9fl\u00e9chir \u00e0 une proposition alternative et \u00e0 l\u2019\u00e9tudier avant de la d\u00e9cider.<\/p>\n<div class=\"code-block code-block-1 c4\"><ins class=\"adsbygoogle c3\" data-ad-layout=\"in-article\" data-ad-format=\"fluid\" data-ad-client=\"ca-pub-2102118777505746\" data-ad-slot=\"7301775417\"\/> <\/div>\n<p>La nouvelle proposition pr\u00e9voit que le match se d\u00e9roule dans l\u2019un des stades \u00e9gyptiens avant le coup d\u2019envoi de la CAN. Si elle est approuv\u00e9e, les f\u00e9d\u00e9rations marocain et tunisien de football seront contact\u00e9s pour la lib\u00e9ration des joueurs internationaux de Wydad Casablanca et d\u2019Esp\u00e9rance de Tunis afin de participer \u00e0 cette confrontation \u00e0 titre exceptionnel.<\/p>\n<p>Cette proposition sera id\u00e9ale pour le d\u00e9roulement de la finale sans aucun inconv\u00e9nient pour les deux \u00e9quipes et sans aucun nouvel obstacle juridique et r\u00e9glementaire qui pourrait mettre \u00e0 nouveau la Conf\u00e9d\u00e9ration du football africain dans une situation embarrassante.<\/p>\n<p>L\u2019Esp\u00e9rance a d\u00e9cid\u00e9 de rendre le troph\u00e9e et les m\u00e9dailles remis au Secr\u00e9tariat g\u00e9n\u00e9ral de la CAF, dans l\u2019attente d\u2019une d\u00e9cision finale concernant la date et le lieu du retour, sachant que l\u2019Afrique du Sud est \u00e9galement candidate \u00e0 arbitrer la confrontation.<\/p>\n<div class=\"mvp-org-wrap mvp-org-logo\" itemprop=\"publisher\" itemscope=\"\" itemtype=\"https:\/\/schema.org\/Organization\"><img decoding=\"async\" src=\"https:\/\/sport.tunisienumerique.com\/wp-content\/uploads\/2017\/05\/logo_tunisie_numerique.png\"\/><\/div>\n<div class=\"nc_socialPanel swp_flatFresh swp_d_fullColor swp_i_fullColor swp_o_fullColor scale-100 scale-fullWidth\" data-position=\"none\" data-float=\"floatNone\" data-count=\"5\" data-floatcolor=\"#ffffff\" data-emphasize=\"0\">\n<div class=\"nc_tweetContainer totes totesalt\" data-id=\"6\"><span class=\"swp_count\"><span class=\"swp_label\">Partages<\/span> 0<\/span><\/div>\n<\/div>\n<div class=\"mvp-related-posts left relative\">\n<h4 class=\"post-header\"><span class=\"post-header\">Lire aussi<\/span><\/h4>\n<\/div>\n<p>Auteur: a.<br \/>\n<a href=\"https:\/\/sport.tunisienumerique.com\/caf-vers-le-changement-de-la-date-et-du-lieu-de-la-finale-est-wac\/\">Cliquez ici pour lire l&rsquo;article depuis sa source.<\/a><\/p>\n","protected":false},"excerpt":{"rendered":"<p>Partages 0 Selon le journal \u00e9lectronique marocain \u201cHespress\u201d, la Conf\u00e9d\u00e9ration africaine de football (CAF) envisage de faire jouer la finale retour de la Ligue des champions avant le d\u00e9but de la Coupe d\u2019Afrique des Nations en \u00c9gypte, contrairement \u00e0 ce qui avait \u00e9t\u00e9 d\u00e9cid\u00e9 il y a quelques jours de reprogrammer apr\u00e8s la CAN sur [&hellip;]<\/p>\n","protected":false},"author":1789,"featured_media":39772,"comment_status":"closed","ping_status":"closed","sticky":false,"template":"","format":"standard","meta":{"fifu_image_url":"","fifu_image_alt":"","footnotes":""},"categories":[73,55],"tags":[],"class_list":["post-39769","post","type-post","status-publish","format-standard","has-post-thumbnail","hentry","category-actualite","category-tunisie"],"_links":{"self":[{"href":"https:\/\/linitiative.ca\/International\/wp-json\/wp\/v2\/posts\/39769","targetHints":{"allow":["GET"]}}],"collection":[{"href":"https:\/\/linitiative.ca\/International\/wp-json\/wp\/v2\/posts"}],"about":[{"href":"https:\/\/linitiative.ca\/International\/wp-json\/wp\/v2\/types\/post"}],"author":[{"embeddable":true,"href":"https:\/\/linitiative.ca\/International\/wp-json\/wp\/v2\/users\/1789"}],"replies":[{"embeddable":true,"href":"https:\/\/linitiative.ca\/International\/wp-json\/wp\/v2\/comments?post=39769"}],"version-history":[{"count":0,"href":"https:\/\/linitiative.ca\/International\/wp-json\/wp\/v2\/posts\/39769\/revisions"}],"wp:featuredmedia":[{"embeddable":true,"href":"https:\/\/linitiative.ca\/International\/wp-json\/"}],"wp:attachment":[{"href":"https:\/\/linitiative.ca\/International\/wp-json\/wp\/v2\/media?parent=39769"}],"wp:term":[{"taxonomy":"category","embeddable":true,"href":"https:\/\/linitiative.ca\/International\/wp-json\/wp\/v2\/categories?post=39769"},{"taxonomy":"post_tag","embeddable":true,"href":"https:\/\/linitiative.ca\/International\/wp-json\/wp\/v2\/tags?post=39769"}],"curies":[{"name":"wp","href":"https:\/\/api.w.org\/{rel}","templated":true}]}}