{"id":39770,"date":"2019-06-10T06:14:55","date_gmt":"2019-06-10T10:14:55","guid":{"rendered":"https:\/\/linitiative.ca\/International\/lamericain-keller-williams-sinstalle-au-maroc\/"},"modified":"2019-06-10T06:14:55","modified_gmt":"2019-06-10T10:14:55","slug":"lamericain-keller-williams-sinstalle-au-maroc","status":"publish","type":"post","link":"https:\/\/linitiative.ca\/International\/lamericain-keller-williams-sinstalle-au-maroc\/","title":{"rendered":"L\u2019am\u00e9ricain Keller Williams s\u2019installe au Maroc"},"content":{"rendered":"<p>L\u2019am\u00e9ricain <strong>Keller Williams<\/strong>, consid\u00e9r\u00e9 comme l\u2019un des premiers r\u00e9seaux immobiliers mondiaux, s\u2019installe au Maroc avec un nouveau concept dans le secteur de l\u2019interm\u00e9diation immobili\u00e8re dirig\u00e9e par Youssef Mansour.<\/p>\n<div class=\"c10\"\/>\n<p>La soci\u00e9t\u00e9 a \u00e9galement des vues sur d\u2019autres villes comme Tanger, Marrakech et Rabat pour une expansion future. \u00ab\u00a0L\u2019id\u00e9e de rejoindre Keller Williams vient de la n\u00e9cessit\u00e9 de d\u00e9velopper notre entreprise\u00a0\u00bb, a d\u00e9clar\u00e9 Mansour. Le groupe am\u00e9ricain a rappel\u00e9, dans un communiqu\u00e9, que le choix du Maroc n\u2019est pas fortuit. Le pays a \u00e9t\u00e9 d\u00e9sign\u00e9 destination la plus attractive pour les investisseurs par Africa Investment Index 2018, souligne Keller Williams.<\/p>\n<p>Fort d\u2019un chiffre d\u2019affaires de plus 220 milliards de dollars, rien que sur les march\u00e9s am\u00e9ricain et canadien, le r\u00e9seau Keller Williams n\u2019a commenc\u00e9 \u00e0 s\u2019\u00e9tendre \u00e0 l\u2019international qu\u2019en 2012. Fond\u00e9e en 1983 \u00e0 Austin, au Texas, la firme am\u00e9ricaine est pr\u00e9sente dans 37 pays, hors Etats-Unis et Canada. Elle compte aujourd\u2019hui plus de 900 Market Centers r\u00e9gionaux dans le monde et environ 180.000 collaborateurs et agents ind\u00e9pendants.<\/p>\n<p>A noter qu\u2019en marge de l\u2019implantation marocaine, le sp\u00e9cialiste du conseil <strong>immobilier<\/strong> a annonc\u00e9 qu\u2019il prospecte actuellement plusieurs march\u00e9s en Afrique, en Am\u00e9rique centrale et du sud, en Europe et en Asie.<\/p>\n<p><span class=\"articlecontent\">\u00a0<\/span><\/p>\n<div class=\"c17\">\n<fieldset class=\"c16\">\n<legend><strong><span class=\"c11\">Challenge<\/span><span class=\"c12\">news<\/span><\/strong><\/legend>\n<div class=\"c15\">Le meilleur de la r\u00e9daction s\u00e9lectionn\u00e9 par Challenge :<\/p>\n<\/div>\n<\/fieldset>\n<\/div>\n<p>Auteur: Hajar DARI<br \/>\n<a href=\"https:\/\/www.challenge.ma\/lamericain-keller-williams-sinstalle-au-maroc-110445\/\">Cliquez ici pour lire l&rsquo;article depuis sa source.<\/a><\/p>\n","protected":false},"excerpt":{"rendered":"<p>L\u2019am\u00e9ricain Keller Williams, consid\u00e9r\u00e9 comme l\u2019un des premiers r\u00e9seaux immobiliers mondiaux, s\u2019installe au Maroc avec un nouveau concept dans le secteur de l\u2019interm\u00e9diation immobili\u00e8re dirig\u00e9e par Youssef Mansour. La soci\u00e9t\u00e9 a \u00e9galement des vues sur d\u2019autres villes comme Tanger, Marrakech et Rabat pour une expansion future. \u00ab\u00a0L\u2019id\u00e9e de rejoindre Keller Williams vient de la n\u00e9cessit\u00e9 [&hellip;]<\/p>\n","protected":false},"author":1787,"featured_media":0,"comment_status":"closed","ping_status":"closed","sticky":false,"template":"","format":"standard","meta":{"fifu_image_url":"","fifu_image_alt":"","footnotes":""},"categories":[78,54],"tags":[],"class_list":["post-39770","post","type-post","status-publish","format-standard","hentry","category-economie","category-maroc"],"_links":{"self":[{"href":"https:\/\/linitiative.ca\/International\/wp-json\/wp\/v2\/posts\/39770","targetHints":{"allow":["GET"]}}],"collection":[{"href":"https:\/\/linitiative.ca\/International\/wp-json\/wp\/v2\/posts"}],"about":[{"href":"https:\/\/linitiative.ca\/International\/wp-json\/wp\/v2\/types\/post"}],"author":[{"embeddable":true,"href":"https:\/\/linitiative.ca\/International\/wp-json\/wp\/v2\/users\/1787"}],"replies":[{"embeddable":true,"href":"https:\/\/linitiative.ca\/International\/wp-json\/wp\/v2\/comments?post=39770"}],"version-history":[{"count":0,"href":"https:\/\/linitiative.ca\/International\/wp-json\/wp\/v2\/posts\/39770\/revisions"}],"wp:attachment":[{"href":"https:\/\/linitiative.ca\/International\/wp-json\/wp\/v2\/media?parent=39770"}],"wp:term":[{"taxonomy":"category","embeddable":true,"href":"https:\/\/linitiative.ca\/International\/wp-json\/wp\/v2\/categories?post=39770"},{"taxonomy":"post_tag","embeddable":true,"href":"https:\/\/linitiative.ca\/International\/wp-json\/wp\/v2\/tags?post=39770"}],"curies":[{"name":"wp","href":"https:\/\/api.w.org\/{rel}","templated":true}]}}