{"id":39771,"date":"2019-06-10T07:50:03","date_gmt":"2019-06-10T11:50:03","guid":{"rendered":"https:\/\/linitiative.ca\/International\/soudan-timide-reprise-du-travail-au-2e-jour-dun-mouvement-de-desobeissance-civile\/"},"modified":"2019-06-10T07:50:03","modified_gmt":"2019-06-10T11:50:03","slug":"soudan-timide-reprise-du-travail-au-2e-jour-dun-mouvement-de-desobeissance-civile","status":"publish","type":"post","link":"https:\/\/linitiative.ca\/International\/soudan-timide-reprise-du-travail-au-2e-jour-dun-mouvement-de-desobeissance-civile\/","title":{"rendered":"Soudan: timide reprise du travail au 2e jour d\u2019un mouvement de d\u00e9sob\u00e9issance civile"},"content":{"rendered":"<div readability=\"32\">\n<p>Publi\u00e9 le 10.06.2019 \u00e0 12h50 par AFP<\/p>\n<\/div>\n<div readability=\"107\">\n<p>Plusieurs magasins et stations-service ont rouvert lundi \u00e0 Khartoum, o\u00f9 les transports en commun circulent de nouveau, au deuxi\u00e8me jour d\u2019un mouvement de d\u00e9sob\u00e9issance civile lanc\u00e9 par la contestation soudanaise contre les g\u00e9n\u00e9raux au pouvoir.<\/p>\n<p>Le Conseil militaire de transition, au pouvoir depuis la destitution du pr\u00e9sident Omar el-B\u00e9chir le 11 avril, avait annonc\u00e9 dimanche soir le d\u00e9ploiement de renforts dans la capitale \u00ab\u00a0pour un retour \u00e0 la vie normale\u00a0\u00bb.<\/p>\n<p>Le mouvement de d\u00e9sob\u00e9issance civile a \u00e9t\u00e9 lanc\u00e9 \u00e0 l\u2019issue d\u2019une semaine de r\u00e9pression dans le pays, qui a fait 118 morts et plus de 500 bless\u00e9s, la majorit\u00e9 dans la violente dispersion d\u2019un sit-in le 3 juin devant le si\u00e8ge de l\u2019arm\u00e9e \u00e0 Khartoum, d\u2019apr\u00e8s un comit\u00e9 de m\u00e9decins proche de la contestation. Le gouvernement estime \u00e0 61 le nombre de morts.<\/p>\n<p>Quatre personnes ont \u00e9t\u00e9 tu\u00e9es dimanche, deux \u00e0 Khartoum et deux autres \u00e0 Omdourman, ville voisine de la capitale, a indiqu\u00e9 le comit\u00e9 de m\u00e9decins.<\/p>\n<p>Les forces de s\u00e9curit\u00e9 se sont \u00e9vertu\u00e9es ces derniers jours \u00e0 d\u00e9monter les barricades de fortune dress\u00e9es par les contestataires qui r\u00e9clament depuis des semaines le transfert du pouvoir aux civils.<\/p>\n<p>Lundi, plusieurs magasins, stations-service et quelques agences de banques priv\u00e9es sont ouverts \u00e0 Khartoum, a constat\u00e9 un journaliste de l\u2019AFP.<\/p>\n<p>Des bus publics circulent dans la capitale, o\u00f9 davantage de voitures et de passants sont visibles dans les rues par rapport aux jours pr\u00e9c\u00e9dents.<\/p>\n<p>\u00ab\u00a0Si je travaille, cela ne signifie pas que je ne soutiens pas la r\u00e9volution\u00a0\u00bb, a assur\u00e9 Abdulmajid Mohamed, un chauffeur de bus. \u00ab\u00a0Je dois travailler pour soutenir ma famille sinon nous n\u2019aurions pas d\u2019argent\u00a0\u00bb.<\/p>\n<p>Les militaires au pouvoir tiennent les manifestants pour responsables d\u2019une d\u00e9t\u00e9rioration de la s\u00e9curit\u00e9 \u00e0 Khartoum et dans le pays.<\/p>\n<p>\u00ab\u00a0L\u2019Alliance pour la libert\u00e9 et le changement (ALC, fer de lance de la contestation) est pleinement responsable des r\u00e9cents et malheureux incidents (\u2026) dont l\u2019obstruction des routes\u00a0\u00bb, a affirm\u00e9 dimanche soir le g\u00e9n\u00e9ral Jamal el-Din Omar, un membre du Conseil militaire, dans un discours t\u00e9l\u00e9vis\u00e9.<\/p>\n<p>\u00ab\u00a0Le Conseil militaire a d\u00e9cid\u00e9 de renforcer la pr\u00e9sence des forces arm\u00e9es, des RSF (Forces de soutien rapide, ndlr) et des autres forces r\u00e9guli\u00e8res pour un retour \u00e0 la vie normale\u00a0\u00bb, a-t-il ajout\u00e9.<\/p>\n<p>Les RSF sont accus\u00e9es par la contestation d\u2019\u00eatre \u00e0 l\u2019origine de la dispersion du campement install\u00e9 depuis le 6 avril devant le QG de l\u2019arm\u00e9e \u00e0 Khartoum et de la r\u00e9pression qui a suivi.<\/p>\n<p>Les forces de s\u00e9curit\u00e9 assureront \u00ab\u00a0la s\u00e9curit\u00e9 des civils isol\u00e9s, rouvriront les routes et faciliteront la mobilit\u00e9 des gens, des transports publics et priv\u00e9s, et prot\u00e9geront les march\u00e9s et les installations \u00e9tatiques strat\u00e9giques\u00a0\u00bb, a affirm\u00e9 le g\u00e9n\u00e9ral Jamal el-Din Omar.<\/p>\n<\/div>\n<p>Auteur: AFP<br \/>\n<a href=\"https:\/\/www.journalducameroun.com\/soudan-timide-reprise-du-travail-au-2e-jour-dun-mouvement-de-desobeissance-civile\/\">Cliquez ici pour lire l&rsquo;article depuis sa source.<\/a><\/p>\n","protected":false},"excerpt":{"rendered":"<p>Publi\u00e9 le 10.06.2019 \u00e0 12h50 par AFP Plusieurs magasins et stations-service ont rouvert lundi \u00e0 Khartoum, o\u00f9 les transports en commun circulent de nouveau, au deuxi\u00e8me jour d\u2019un mouvement de d\u00e9sob\u00e9issance civile lanc\u00e9 par la contestation soudanaise contre les g\u00e9n\u00e9raux au pouvoir. Le Conseil militaire de transition, au pouvoir depuis la destitution du pr\u00e9sident Omar [&hellip;]<\/p>\n","protected":false},"author":1965,"featured_media":0,"comment_status":"closed","ping_status":"closed","sticky":false,"template":"","format":"standard","meta":{"fifu_image_url":"","fifu_image_alt":"","footnotes":""},"categories":[73,82],"tags":[],"class_list":["post-39771","post","type-post","status-publish","format-standard","hentry","category-actualite","category-cameroun"],"_links":{"self":[{"href":"https:\/\/linitiative.ca\/International\/wp-json\/wp\/v2\/posts\/39771","targetHints":{"allow":["GET"]}}],"collection":[{"href":"https:\/\/linitiative.ca\/International\/wp-json\/wp\/v2\/posts"}],"about":[{"href":"https:\/\/linitiative.ca\/International\/wp-json\/wp\/v2\/types\/post"}],"author":[{"embeddable":true,"href":"https:\/\/linitiative.ca\/International\/wp-json\/wp\/v2\/users\/1965"}],"replies":[{"embeddable":true,"href":"https:\/\/linitiative.ca\/International\/wp-json\/wp\/v2\/comments?post=39771"}],"version-history":[{"count":0,"href":"https:\/\/linitiative.ca\/International\/wp-json\/wp\/v2\/posts\/39771\/revisions"}],"wp:attachment":[{"href":"https:\/\/linitiative.ca\/International\/wp-json\/wp\/v2\/media?parent=39771"}],"wp:term":[{"taxonomy":"category","embeddable":true,"href":"https:\/\/linitiative.ca\/International\/wp-json\/wp\/v2\/categories?post=39771"},{"taxonomy":"post_tag","embeddable":true,"href":"https:\/\/linitiative.ca\/International\/wp-json\/wp\/v2\/tags?post=39771"}],"curies":[{"name":"wp","href":"https:\/\/api.w.org\/{rel}","templated":true}]}}