{"id":39773,"date":"2019-06-09T15:29:39","date_gmt":"2019-06-09T19:29:39","guid":{"rendered":"https:\/\/linitiative.ca\/International\/le-kacm-rejoint-le-chabab-rif-al-hoceima-en-2eme-division\/"},"modified":"2019-06-09T15:29:39","modified_gmt":"2019-06-09T19:29:39","slug":"le-kacm-rejoint-le-chabab-rif-al-hoceima-en-2eme-division","status":"publish","type":"post","link":"https:\/\/linitiative.ca\/International\/le-kacm-rejoint-le-chabab-rif-al-hoceima-en-2eme-division\/","title":{"rendered":"Le KACM rejoint le Chabab Rif Al Hoceima en 2\u00e8me division"},"content":{"rendered":"<div class=\"single-featured\"><img alt=\"\" data-src=\"http:\/\/www.mapmarrakech.ma\/map\/uploads\/2019\/06\/KACM-copier-1.jpg\"\/><\/div>\n<div class=\"single-post-excerpt post-excerpt-bc\" readability=\"36\">\n<p>Marrakech \u2013 Le Kawkab Marrakech a \u00e9t\u00e9 tenu en \u00e9chec \u00e0 domicile dimanche par le Wydad de Casablanca (3-3), et rejoint ainsi le Chabab Rif Al Hoceima, \u00e0 l\u2019issue d\u2019un match comptant pour la 30\u00e8 et derni\u00e8re journ\u00e9e de Botola Pro Maroc T\u00e9l\u00e9com D1 de football.<\/p>\n<\/div>\n<div class=\"entry-content clearfix single-post-content\" readability=\"60\">\n<p>Dans un match aux multiples rebondissements, les visiteurs ont ouvert le score (1\u00e8re) d\u00e8s l\u2019entame de la rencontre sur un but de Michel Babatund\u00e9. Quelques minutes plus tard, les locaux ont r\u00e9pliqu\u00e9 en \u00e9galisant \u00e0 la 13\u00e8 minute du jeu gr\u00e2ce \u00e0 l\u2019attaquant Abdelilah Amimi puis en menant 2-1 sur un exploit de R\u00e9da Zahraoui (26\u00e8). A cinq minutes de la mi-temps, les Rouge et Blanc ont remis les pendules \u00e0 l\u2019heure par le biais de Zouhair El Moutaraji (40\u00e8).<\/p>\n<p>Lors de la deuxi\u00e8me mi-temps, les Marrakchis ont pris l\u2019avantage \u00e0 la 53\u00e8 minute par le truchement de Abdelilah Amimi qui signe son deuxi\u00e8me but de la rencontre. Le club casablancais ne l\u00e2che pas prise et revient au score \u00e0 cinq minute de la fin sur un p\u00e9nalty transform\u00e9 par Mohamed Nahiri (85\u00e8).<\/p>\n<p>A l\u2019issue de la rencontre, le Kawkab Marrakech pointe \u00e0 la 15\u00e8 et avant derni\u00e8re place du classement avec un total de 30 points, synonyme de rel\u00e9gation. Avec 14 d\u00e9faites, 7 victoires et 9 nuls, le club de la ville ocre rejoint le Chabab Rif Al Hoceima en Botola Maroc Telecom D2.<\/p>\n<p>De son c\u00f4t\u00e9, le WAC, qui s\u2019est adjug\u00e9 le titre de champion de Botola Maroc T\u00e9l\u00e9com D1 de football \u00e0 une journ\u00e9e de la fin, caracole \u00e0 la t\u00eate du classement avec 59 points gr\u00e2ce \u00e0 17 victoires, huit nuls et cinq d\u00e9faites seulement.<\/p>\n<\/div>\n<p>Auteur: Meriem IGASS<br \/>\n<a href=\"http:\/\/www.mapmarrakech.ma\/fr\/le-kacm-rejoint-le-chabab-rif-al-hoceima-en-2eme-division\/\">Cliquez ici pour lire l&rsquo;article depuis sa source.<\/a><\/p>\n","protected":false},"excerpt":{"rendered":"<p>Marrakech \u2013 Le Kawkab Marrakech a \u00e9t\u00e9 tenu en \u00e9chec \u00e0 domicile dimanche par le Wydad de Casablanca (3-3), et rejoint ainsi le Chabab Rif Al Hoceima, \u00e0 l\u2019issue d\u2019un match comptant pour la 30\u00e8 et derni\u00e8re journ\u00e9e de Botola Pro Maroc T\u00e9l\u00e9com D1 de football. Dans un match aux multiples rebondissements, les visiteurs ont [&hellip;]<\/p>\n","protected":false},"author":1788,"featured_media":39777,"comment_status":"closed","ping_status":"closed","sticky":false,"template":"","format":"standard","meta":{"fifu_image_url":"","fifu_image_alt":"","footnotes":""},"categories":[54,76],"tags":[],"class_list":["post-39773","post","type-post","status-publish","format-standard","has-post-thumbnail","hentry","category-maroc","category-regions"],"_links":{"self":[{"href":"https:\/\/linitiative.ca\/International\/wp-json\/wp\/v2\/posts\/39773","targetHints":{"allow":["GET"]}}],"collection":[{"href":"https:\/\/linitiative.ca\/International\/wp-json\/wp\/v2\/posts"}],"about":[{"href":"https:\/\/linitiative.ca\/International\/wp-json\/wp\/v2\/types\/post"}],"author":[{"embeddable":true,"href":"https:\/\/linitiative.ca\/International\/wp-json\/wp\/v2\/users\/1788"}],"replies":[{"embeddable":true,"href":"https:\/\/linitiative.ca\/International\/wp-json\/wp\/v2\/comments?post=39773"}],"version-history":[{"count":0,"href":"https:\/\/linitiative.ca\/International\/wp-json\/wp\/v2\/posts\/39773\/revisions"}],"wp:featuredmedia":[{"embeddable":true,"href":"https:\/\/linitiative.ca\/International\/wp-json\/"}],"wp:attachment":[{"href":"https:\/\/linitiative.ca\/International\/wp-json\/wp\/v2\/media?parent=39773"}],"wp:term":[{"taxonomy":"category","embeddable":true,"href":"https:\/\/linitiative.ca\/International\/wp-json\/wp\/v2\/categories?post=39773"},{"taxonomy":"post_tag","embeddable":true,"href":"https:\/\/linitiative.ca\/International\/wp-json\/wp\/v2\/tags?post=39773"}],"curies":[{"name":"wp","href":"https:\/\/api.w.org\/{rel}","templated":true}]}}