{"id":39780,"date":"2019-06-10T06:47:26","date_gmt":"2019-06-10T10:47:26","guid":{"rendered":"https:\/\/linitiative.ca\/International\/il-fait-lactu-ismail-jamai-nouveau-president-du-mas\/"},"modified":"2019-06-10T06:47:26","modified_gmt":"2019-06-10T10:47:26","slug":"il-fait-lactu-ismail-jamai-nouveau-president-du-mas","status":"publish","type":"post","link":"https:\/\/linitiative.ca\/International\/il-fait-lactu-ismail-jamai-nouveau-president-du-mas\/","title":{"rendered":"Il fait l\u2019actu : Ismail Jamai, nouveau pr\u00e9sident du MAS"},"content":{"rendered":"<p><strong>Ismail Jamai<\/strong> a \u00e9t\u00e9 \u00e9lu nouveau pr\u00e9sident du Moghreb Association sportive de F\u00e8s (MAS), lors d\u2019une assembl\u00e9e extraordinaire du club de football, dimanche soir. La liste du nouveau pr\u00e9sident, qui succ\u00e8de \u00e0 Marouane Bennani, a obtenu 47 sur 58 voix. Elle \u00e9tait l\u2019unique liste en lice.<\/p>\n<div class=\"c10\"\/>\n<p>L\u2019assembl\u00e9e a \u00e9galement approuv\u00e9 \u00e0 l\u2019unanimit\u00e9 la mise en ad\u00e9quation des statuts du club avec la loi n\u00b0 30.09 relatives \u00e0 l\u2019\u00e9ducation physique et aux sports et les rapports moral et financier.<\/p>\n<p>Le pr\u00e9sident d\u00e9missionnaire Marouane Bennani est revenu \u00e0 cette occasion sur les contraintes qui ont emp\u00each\u00e9 l\u2019\u00e9quipe d\u2019acc\u00e9der en premi\u00e8re division du Botola Pro, estimant qu\u2019il revient \u00e0 pr\u00e9sent aux nouveaux dirigeants de \u2018\u2019relever le d\u00e9fi\u2019\u2019.<\/p>\n<p>Ismail Jamai s\u2019est engag\u00e9, lui, \u00e0 f\u00e9d\u00e9rer les efforts de toutes les composantes de la famille du MAS pour redonner au club son lustre d\u2019antan, \u00e0 commencer par le retour \u00e0 l\u2019\u00e9lite du football national.<\/p>\n<p>L\u2019un des principaux d\u00e9fis, selon lui, consistera \u00e0 activer le centre de formation de l\u2019\u00e9quipe et mettre l\u2019exp\u00e9rience des anciens joueurs au service de l\u2019\u00e9quipe.<\/p>\n<p>Il a \u00e9galement annonc\u00e9 que le nom du nouvel entraineur sera connu dans les jours qui viennent. Le MAS a rat\u00e9 de peu son retour en Botola Pro Maroc Telecom D 1, terminant la saison 2018-2019 \u00e0 la quatri\u00e8me place.<\/p>\n<p>Champion du Maroc \u00e0 quatre reprises (1965, 1979, 1983 et 1985), une coupe de la Conf\u00e9d\u00e9ration africaine, une super coupe de la CAF et quatre Coupes du Tr\u00f4ne (1980, 1988, 2011 et 2016), le Moghreb de F\u00e8s tente depuis des ann\u00e9es de s\u2019extirper de la 2-\u00e8me division, o\u00f9 il \u00e9volue actuellement.<\/p>\n<div class=\"c17\">\n<fieldset class=\"c16\">\n<legend><strong><span class=\"c11\">Challenge<\/span><span class=\"c12\">news<\/span><\/strong><\/legend>\n<div class=\"c15\">Le meilleur de la r\u00e9daction s\u00e9lectionn\u00e9 par Challenge :<\/p>\n<\/div>\n<\/fieldset>\n<\/div>\n<p>Auteur: challenge<br \/>\n<a href=\"https:\/\/www.challenge.ma\/il-fait-lactu-ismail-jamai-nouveau-president-du-mas-110460\/\">Cliquez ici pour lire l&rsquo;article depuis sa source.<\/a><\/p>\n","protected":false},"excerpt":{"rendered":"<p>Ismail Jamai a \u00e9t\u00e9 \u00e9lu nouveau pr\u00e9sident du Moghreb Association sportive de F\u00e8s (MAS), lors d\u2019une assembl\u00e9e extraordinaire du club de football, dimanche soir. La liste du nouveau pr\u00e9sident, qui succ\u00e8de \u00e0 Marouane Bennani, a obtenu 47 sur 58 voix. Elle \u00e9tait l\u2019unique liste en lice. L\u2019assembl\u00e9e a \u00e9galement approuv\u00e9 \u00e0 l\u2019unanimit\u00e9 la mise en [&hellip;]<\/p>\n","protected":false},"author":1787,"featured_media":0,"comment_status":"closed","ping_status":"closed","sticky":false,"template":"","format":"standard","meta":{"fifu_image_url":"","fifu_image_alt":"","footnotes":""},"categories":[78,54],"tags":[],"class_list":["post-39780","post","type-post","status-publish","format-standard","hentry","category-economie","category-maroc"],"_links":{"self":[{"href":"https:\/\/linitiative.ca\/International\/wp-json\/wp\/v2\/posts\/39780","targetHints":{"allow":["GET"]}}],"collection":[{"href":"https:\/\/linitiative.ca\/International\/wp-json\/wp\/v2\/posts"}],"about":[{"href":"https:\/\/linitiative.ca\/International\/wp-json\/wp\/v2\/types\/post"}],"author":[{"embeddable":true,"href":"https:\/\/linitiative.ca\/International\/wp-json\/wp\/v2\/users\/1787"}],"replies":[{"embeddable":true,"href":"https:\/\/linitiative.ca\/International\/wp-json\/wp\/v2\/comments?post=39780"}],"version-history":[{"count":0,"href":"https:\/\/linitiative.ca\/International\/wp-json\/wp\/v2\/posts\/39780\/revisions"}],"wp:attachment":[{"href":"https:\/\/linitiative.ca\/International\/wp-json\/wp\/v2\/media?parent=39780"}],"wp:term":[{"taxonomy":"category","embeddable":true,"href":"https:\/\/linitiative.ca\/International\/wp-json\/wp\/v2\/categories?post=39780"},{"taxonomy":"post_tag","embeddable":true,"href":"https:\/\/linitiative.ca\/International\/wp-json\/wp\/v2\/tags?post=39780"}],"curies":[{"name":"wp","href":"https:\/\/api.w.org\/{rel}","templated":true}]}}