{"id":39788,"date":"2019-06-10T07:36:46","date_gmt":"2019-06-10T11:36:46","guid":{"rendered":"https:\/\/linitiative.ca\/International\/le-portugal-elu-meilleure-destination-touristique-europeenne\/"},"modified":"2019-06-10T07:36:46","modified_gmt":"2019-06-10T11:36:46","slug":"le-portugal-elu-meilleure-destination-touristique-europeenne","status":"publish","type":"post","link":"https:\/\/linitiative.ca\/International\/le-portugal-elu-meilleure-destination-touristique-europeenne\/","title":{"rendered":"Le Portugal \u00e9lu meilleure destination touristique europ\u00e9enne"},"content":{"rendered":"<p>Le Portugal a \u00e9t\u00e9 \u00e9lu meilleure destination touristique europ\u00e9enne par \u00ab\u00a0World Travel Awards\u00a0\u00bb, pour la troisi\u00e8me ann\u00e9e cons\u00e9cutive.<\/p>\n<div class=\"c10\"\/>\n<p>\u00ab\u00a0Cette distinction a \u00e9t\u00e9 attribu\u00e9e au pays pour la premi\u00e8re fois en 2017, renouvel\u00e9e en 2018 et \u00e0 nouveau en 2019, ce qui consolide la reconnaissance internationale du Portugal en tant que destination touristique, et montre comment le pays se situe au top des pr\u00e9f\u00e9rences des touristes internationaux\u00a0\u00bb, indique un communiqu\u00e9 du cabinet du ministre adjoint de l\u2019\u00e9conomie, Pedro Siza Vieira.<\/p>\n<p>En plus du prix de la meilleure destination europ\u00e9enne, Lisbonne a \u00e9t\u00e9 \u00e9lue de nouveau \u00ab\u00a0Meilleure destination city break du monde\u00a0\u00bb, un prix qui reconnait l\u2019attractivit\u00e9 de la capitale portugaise, dot\u00e9e du meilleur port de croisi\u00e8re europ\u00e9en, et la qualit\u00e9 de son offre \u00ab\u00a0courts s\u00e9jours\u00a0\u00bb.<\/p>\n<p>Quant \u00e0 l\u2019Algarve, elle a \u00e9t\u00e9 prim\u00e9e comme meilleure destination baln\u00e9aire europ\u00e9enne et Mad\u00e8re meilleure destination insulaire, alors que l\u2019institut \u00ab\u00a0Turismo de Portugal\u00a0\u00bb a re\u00e7u le prix du meilleur organisme officiel de tourisme.<\/p>\n<p>Siza Vieira, cit\u00e9 par le communiqu\u00e9, s\u2019est f\u00e9licit\u00e9 de cet \u00ab\u00a0Oscar\u00a0\u00bb de la meilleure destination europ\u00e9enne pour la troisi\u00e8me ann\u00e9e cons\u00e9cutive.<\/p>\n<p>\u00ab\u00a0Au cours des derni\u00e8res ann\u00e9es, le Portugal a \u00e9t\u00e9 consid\u00e9r\u00e9 comme destination irr\u00e9sistible, et le fait d\u2019obtenir cette distinction montre que notre strat\u00e9gie porte ses fruits\u00a0\u00bb, a-t-il soulign\u00e9.<\/p>\n<p>Au total, le Portugal a re\u00e7u 39 prix (trois de plus qu\u2019en 2018), dans diff\u00e9rentes cat\u00e9gories.<\/p>\n<p>\u00ab\u00a0World Travel Awards\u00a0\u00bb, cr\u00e9\u00e9 en 1993, r\u00e9compense les meilleurs exemples de bonnes pratiques dans le secteur du tourisme \u00e0 l\u2019\u00e9chelle mondiale, afin de stimuler la comp\u00e9titivit\u00e9 et la qualit\u00e9 des prestations.<\/p>\n<div class=\"c17\">\n<fieldset class=\"c16\">\n<legend><strong><span class=\"c11\">Challenge<\/span><span class=\"c12\">news<\/span><\/strong><\/legend>\n<div class=\"c15\">Le meilleur de la r\u00e9daction s\u00e9lectionn\u00e9 par Challenge :<\/p>\n<\/div>\n<\/fieldset>\n<\/div>\n<p>Auteur: challenge<br \/>\n<a href=\"https:\/\/www.challenge.ma\/le-portugal-elu-meilleure-destination-touristique-europeenne-110463\/\">Cliquez ici pour lire l&rsquo;article depuis sa source.<\/a><\/p>\n","protected":false},"excerpt":{"rendered":"<p>Le Portugal a \u00e9t\u00e9 \u00e9lu meilleure destination touristique europ\u00e9enne par \u00ab\u00a0World Travel Awards\u00a0\u00bb, pour la troisi\u00e8me ann\u00e9e cons\u00e9cutive. \u00ab\u00a0Cette distinction a \u00e9t\u00e9 attribu\u00e9e au pays pour la premi\u00e8re fois en 2017, renouvel\u00e9e en 2018 et \u00e0 nouveau en 2019, ce qui consolide la reconnaissance internationale du Portugal en tant que destination touristique, et montre comment [&hellip;]<\/p>\n","protected":false},"author":1787,"featured_media":0,"comment_status":"closed","ping_status":"closed","sticky":false,"template":"","format":"standard","meta":{"fifu_image_url":"","fifu_image_alt":"","footnotes":""},"categories":[78,54],"tags":[],"class_list":["post-39788","post","type-post","status-publish","format-standard","hentry","category-economie","category-maroc"],"_links":{"self":[{"href":"https:\/\/linitiative.ca\/International\/wp-json\/wp\/v2\/posts\/39788","targetHints":{"allow":["GET"]}}],"collection":[{"href":"https:\/\/linitiative.ca\/International\/wp-json\/wp\/v2\/posts"}],"about":[{"href":"https:\/\/linitiative.ca\/International\/wp-json\/wp\/v2\/types\/post"}],"author":[{"embeddable":true,"href":"https:\/\/linitiative.ca\/International\/wp-json\/wp\/v2\/users\/1787"}],"replies":[{"embeddable":true,"href":"https:\/\/linitiative.ca\/International\/wp-json\/wp\/v2\/comments?post=39788"}],"version-history":[{"count":0,"href":"https:\/\/linitiative.ca\/International\/wp-json\/wp\/v2\/posts\/39788\/revisions"}],"wp:attachment":[{"href":"https:\/\/linitiative.ca\/International\/wp-json\/wp\/v2\/media?parent=39788"}],"wp:term":[{"taxonomy":"category","embeddable":true,"href":"https:\/\/linitiative.ca\/International\/wp-json\/wp\/v2\/categories?post=39788"},{"taxonomy":"post_tag","embeddable":true,"href":"https:\/\/linitiative.ca\/International\/wp-json\/wp\/v2\/tags?post=39788"}],"curies":[{"name":"wp","href":"https:\/\/api.w.org\/{rel}","templated":true}]}}