{"id":39795,"date":"2019-06-10T07:20:18","date_gmt":"2019-06-10T11:20:18","guid":{"rendered":"https:\/\/linitiative.ca\/International\/avant-la-repression-la-prevention\/"},"modified":"2019-06-10T07:20:18","modified_gmt":"2019-06-10T11:20:18","slug":"avant-la-repression-la-prevention","status":"publish","type":"post","link":"https:\/\/linitiative.ca\/International\/avant-la-repression-la-prevention\/","title":{"rendered":"Avant la r\u00e9pression : La pr\u00e9vention !"},"content":{"rendered":"<p><img decoding=\"async\" class=\"post_layout_5_img\" src=\"http:\/\/aujourdhui.ma\/wp-content\/uploads\/2018\/11\/Ahmed-GHAYET-1.jpg?x29840\" alt=\"Avant la r\u00e9pression : La pr\u00e9vention !\"\/><\/p>\n<p class=\"p1\"><span class=\"c4\"><strong><span class=\"s1\">Il y a quelques jours deux jeunes ont fait le buzz sur la Toile provoquant des r\u00e9actions allant du rire \u00e0 l\u2019indignation.<\/span><\/strong><\/span><span id=\"more-312565\"\/><\/p>\n<p class=\"p1\"><span class=\"s1\">Les faits : ces deux jeunes n\u2019ont en effet rien trouv\u00e9 de mieux que de se filmer dans un bus -dans la r\u00e9gion d\u2019Agadir- en train de se doucher, tout comme s\u2019ils \u00e9taient dans un hammam. Qu\u2019a-t-il bien pu se passer dans la t\u00eate de ces adolescents ? Attrait des \u00ablike\u00bb qui semble faire perdre la t\u00eate \u00e0 des bien plus m\u00fbrs qu\u2019eux? Provocation gratuite ? Inconscience? \u00abAmusement\u00bb dont ils n\u2019ont pas mesur\u00e9 la port\u00e9e ?<\/span><\/p>\n<p class=\"p1\"><span class=\"s1\">Sans doute un peu de tout cela \u2026<\/span><\/p>\n<p class=\"p1\"><span class=\"s1\">Toujours est-il qu\u2019aucune de ces \u00abraisons\u00bb ne peut justifier un tel comportement, m\u00eame si leur jeune \u00e2ge peut expliquer certaines choses il est bien \u00e9vident qu\u2019il faut trouver la r\u00e9ponse -et la parade- \u00e0 de tels actes d\u2019incivisme.<\/span><\/p>\n<p class=\"p1\"><span class=\"s1\">Il faut cependant pousser la r\u00e9flexion et ne pas s\u2019arr\u00eater au constat : qu\u2019est-ce qui peut bien se passer dans la t\u00eate de deux de nos jeunes pour qu\u2019ils se sentent \u00able droit\u00bb de commettre de tels actes ?<\/span><\/p>\n<p class=\"p1\"><span class=\"s1\">Car si bien \u00e9videmment de tels comportements sont choquants, nous devons en tant qu\u2019adultes r\u00e9fl\u00e9chir \u00e0 ce que cela signifie, or dans beaucoup de commentaires sur les r\u00e9seaux sociaux est revenu le terme \u00abd\u00e9g\u00e9n\u00e9r\u00e9s\u00bb, disons-le donc : ces ados ne sont ni plus ni moins que nos enfants. Ce sont de jeunes Marocains, et s\u2019ils sont \u00e0 ce point \u00abd\u00e9g\u00e9n\u00e9r\u00e9s\u00bb (je d\u00e9teste ce terme d\u2019un m\u00e9pris gla\u00e7ant), en sont-ils les seuls responsables ?<\/span><\/p>\n<p class=\"p1\"><span class=\"s1\">Qu\u2019avons-nous fait collectivement pour que ces jeunes sachent faire la distinction entre le \u00abbien et le mal\u00bb, le civisme et l\u2019incivisme, leur propre libert\u00e9 et le respect de la libert\u00e9 d\u2019autrui ?<\/span><\/p>\n<p class=\"p1\"><span class=\"s1\">Parents, \u00e9cole, organismes charg\u00e9s d\u2019encadrer la jeunesse, adultes\u2026tous ont failli dans leur mission. La seule en fait qui \u00abfasse le job\u00bb est la DGSN qui a identifi\u00e9 les deux jeunes et les a plac\u00e9s en garde \u00e0 vue.<\/span><\/p>\n<p class=\"p1\"><span class=\"s1\">Mais le r\u00f4le de la DGSN est une mission de maintien de l\u2019ordre, or c\u2019est bien en amont qu\u2019il nous faut agir : aujourd\u2019hui il semble que ces jeunes aient \u00e9t\u00e9 plac\u00e9s en prison, cela signe bel et bien notre \u00e9chec collectif !<\/span><\/p>\n<p class=\"p1\"><span class=\"s1\">Et puis la prison est-elle la solution? Cela ne risque-t-il pas d\u2019\u00eatre pire que le mal lui-m\u00eame ?<\/span><\/p>\n<p class=\"p1\"><span class=\"s1\">A titre personnel il me semble que des peines de travail d\u2019int\u00e9r\u00eat g\u00e9n\u00e9ral auraient \u00e9t\u00e9 une meilleure r\u00e9ponse \u00e0 ces actes d\u2019incivisme\u2026<\/span><\/p>\n<p class=\"p1\"><span class=\"s1\">Nous laissons notre jeunesse grandir comme une herbe , ne nous \u00e9tonnons donc pas de ce que nous r\u00e9coltons.<\/span><\/p>\n<p class=\"p1\"><span class=\"s1\">Qui les encadre? O\u00f9 sont les lieux de socialisation ? Quels loisirs leur offrons-???? Alors bien s\u00fbr la r\u00e9ponse la plus ais\u00e9e est la r\u00e9pression, mais il y a avant tout la pr\u00e9vention -qui passe par l\u2019\u00e9ducation- il y a l\u2019exemplarit\u00e9, or sommes-nous exemplaires ? (Tout dans notre comportement, au quotidien, au volant, dans une file d\u2019attente, dans la gestion de nos d\u00e9chets\u2026 nous montre sous un jour peu gratifiant que nous-m\u00eames nous nous comportons<span class=\"Apple-converted-space\">\u00a0<\/span> comme ces jeunes, si ce n\u2019est pire).<\/span><\/p>\n<p class=\"p1\"><span class=\"s1\">Il y a la culture, le sport, l\u2019apprentissage de la mixit\u00e9, des valeurs, il y a l\u2019\u00e9coute, le dialogue\u2026 tous ces rem\u00e8des dont nous ne faisons pas usage. Et puis -et l\u00e0 je parle en connaissance de cause- il y a toutes ces associations de jeunes, qui \u0153uvrent sur le terrain, avec les moyens du bord et qui sont (qui seraient) une vraie r\u00e9ponse \u00e0 ces maux, mais dont si peu se soucient, et qui ne trouvent \u00e9coute et moyens ni chez les \u00e9lus ni au sein des instances dont elles devraient \u00eatre les interlocuteurs naturels, alors oui je le pense sinc\u00e8rement nous sommes tous, collectivement, responsables !<\/span><\/p>\n<p>Auteur: Ahmed GHAYET<br \/>\n<a href=\"http:\/\/aujourdhui.ma\/chroniques\/avant-la-repression-la-prevention\">Cliquez ici pour lire l&rsquo;article depuis sa source.<\/a><\/p>\n","protected":false},"excerpt":{"rendered":"<p>Il y a quelques jours deux jeunes ont fait le buzz sur la Toile provoquant des r\u00e9actions allant du rire \u00e0 l\u2019indignation. Les faits : ces deux jeunes n\u2019ont en effet rien trouv\u00e9 de mieux que de se filmer dans un bus -dans la r\u00e9gion d\u2019Agadir- en train de se doucher, tout comme s\u2019ils \u00e9taient [&hellip;]<\/p>\n","protected":false},"author":1759,"featured_media":0,"comment_status":"closed","ping_status":"closed","sticky":false,"template":"","format":"standard","meta":{"fifu_image_url":"","fifu_image_alt":"","footnotes":""},"categories":[73,54],"tags":[],"class_list":["post-39795","post","type-post","status-publish","format-standard","hentry","category-actualite","category-maroc"],"_links":{"self":[{"href":"https:\/\/linitiative.ca\/International\/wp-json\/wp\/v2\/posts\/39795","targetHints":{"allow":["GET"]}}],"collection":[{"href":"https:\/\/linitiative.ca\/International\/wp-json\/wp\/v2\/posts"}],"about":[{"href":"https:\/\/linitiative.ca\/International\/wp-json\/wp\/v2\/types\/post"}],"author":[{"embeddable":true,"href":"https:\/\/linitiative.ca\/International\/wp-json\/wp\/v2\/users\/1759"}],"replies":[{"embeddable":true,"href":"https:\/\/linitiative.ca\/International\/wp-json\/wp\/v2\/comments?post=39795"}],"version-history":[{"count":0,"href":"https:\/\/linitiative.ca\/International\/wp-json\/wp\/v2\/posts\/39795\/revisions"}],"wp:attachment":[{"href":"https:\/\/linitiative.ca\/International\/wp-json\/wp\/v2\/media?parent=39795"}],"wp:term":[{"taxonomy":"category","embeddable":true,"href":"https:\/\/linitiative.ca\/International\/wp-json\/wp\/v2\/categories?post=39795"},{"taxonomy":"post_tag","embeddable":true,"href":"https:\/\/linitiative.ca\/International\/wp-json\/wp\/v2\/tags?post=39795"}],"curies":[{"name":"wp","href":"https:\/\/api.w.org\/{rel}","templated":true}]}}