{"id":39797,"date":"2019-06-10T07:18:00","date_gmt":"2019-06-10T11:18:00","guid":{"rendered":"https:\/\/linitiative.ca\/International\/reunions-annuelles-de-la-bad-a-malabo-dr-adesina-urge-lintegration-regionale-de-lafrique\/"},"modified":"2019-06-10T07:18:00","modified_gmt":"2019-06-10T11:18:00","slug":"reunions-annuelles-de-la-bad-a-malabo-dr-adesina-urge-lintegration-regionale-de-lafrique","status":"publish","type":"post","link":"https:\/\/linitiative.ca\/International\/reunions-annuelles-de-la-bad-a-malabo-dr-adesina-urge-lintegration-regionale-de-lafrique\/","title":{"rendered":"R\u00e9unions annuelles de la BAD \u00e0 Malabo : Dr Adesina urge l\u2019int\u00e9gration r\u00e9gionale de l\u2019Afrique"},"content":{"rendered":"<p><span class=\"c2\"><em><strong><img loading=\"lazy\" decoding=\"async\" src=\"\/uploads\/FCK_files\/Grand-logo-Malabo.jpg\" width=\"200\" height=\"188\" vspace=\"5\" hspace=\"5\" align=\"left\" alt=\"\"\/>Malabo \u2013 Guin\u00e9e \u00e9quatoriale, de l\u2019envoy\u00e9 sp\u00e9cial de Leaders, Taoufik Habaieb.<\/strong><\/em><\/span> En pr\u00e9lude des r\u00e9unions annuelles du Groupe de la Banque africaine de D\u00e9veloppement (BAD) qui s\u2019ouvrent ce mardi 11 juin dans la capitale \u00e9quato-guin\u00e9enne, Malabo, le pr\u00e9sident de la BAD Dr Akinwumi Adesina a justifi\u00e9 le th\u00e8me choisi cette ann\u00e9e. \u00ab\u00a0En invitant les 3000 participants de 80 pays, \u00e0 nos assises \u00e0 d\u00e9battre de l\u2019int\u00e9gration r\u00e9gionale et la transformation de l\u2019Afrique, nous plaidons en faveur de l\u2019installation d\u2019un moteur de croissance fort au c\u0153ur du continent, dira-t-il. Les faits d\u00e9montrent que les pays qui enregistrent la plus forte croissance sont ceux qui se trouvent dans des zones r\u00e9gionalement int\u00e9gr\u00e9es.\u00a0\u00bb<\/p>\n<p>\u00ab L\u2019Afrique- affiche certes un taux de croissance significatif de son PIB, avec 4% en 2019 et 4,1% l\u2019ann\u00e9e prochaine, a poursuivi Dr Adesina, la croissance mondiale \u00e9tant \u00e0 3,3 % et l\u2019Eurozone \u00e0 1,6%. Mais cette moyenne africaine doit \u00eatre le minimum pour chacun des 54 pays du continent. Il est vrai que 22 pays sont \u00e0 5% de croissance et 21 autres entre 3 et % 4, mais oeuvrons pour pousser tous les pays.\u00a0\u00bb<\/p>\n<p>La solution la plus efficace selon le pr\u00e9sident de la BAD est le renforcement de l\u2019int\u00e9gration r\u00e9gionale, l\u2019activation utile des zones de libre \u00e9change, le renforcement de l\u2019infrastructure, des transports, des ports et a\u00e9roports, et des march\u00e9s financiers. Sans oublier la libre circulation des biens et des personnes.<\/p>\n<p>Evoquant <a href=\"https:\/\/www.leaders.com.tn\/article\/27236-akinwumi-adesina\">sa r\u00e9cente visite \u00e0 Tunis<\/a> du 2 au 4 mai dernier, Dr Adesina a mentionn\u00e9 ce que lui avait alors dit, Mansour Moalla, membre du Groupe des 9 Experts qui ont r\u00e9dig\u00e9 les statuts de la BAD en 1963 \u2013 1964\u00a0: \u00ab\u00a0D\u00e8s le d\u00e9part, nous avons con\u00e7u cette banque comme un levier d\u2019int\u00e9gration \u00e9conomique du continent et de d\u00e9veloppement int\u00e9gr\u00e9\u00a0\u00bb.<\/p>\n<h2>L\u2019augmentation du capital de la BAD et la recapitalisation du FAD<\/h2>\n<p>Toute la semaine qui commence sera marqu\u00e9e ici \u00e0 Malabo par de laborieuses r\u00e9unions des gouverneurs de la BAD et des d\u00e9l\u00e9gations continentale (dont la Tunisie) et hors du continent, mais aussi d\u2019une s\u00e9rie d\u2019\u00e9v\u00e8nements parall\u00e8les en panels de discussions et forums. L\u2019une des grandes questions sera sans doute l\u2019augmentation du capital de la Banque (\u00e0 hauteur de 100% et la recapitalisation du fonds africain de D\u00e9veloppement (FAD). \u00ab\u00a0J\u2019y compte beaucoup, a affirm\u00e9 Dr Adesina dans une interview exclusive \u00e0 Leaders. Et j\u2019ai bon espoir d\u2019y parvenir\u00a0\u00bb, ajoutera-t-il, tout optimiste.<\/p>\n<p><strong><span class=\"c2\">Lire aussi<br \/><\/span><\/strong><\/p>\n<p>Auteur:<br \/>\n<a href=\"https:\/\/www.leaders.com.tn\/article\/27257-reunions-annuelles-de-la-bad-a-malabo-dr-adesina-urge-l-integration-regionale-de-l-afrique\">Cliquez ici pour lire l&rsquo;article depuis sa source.<\/a><\/p>\n","protected":false},"excerpt":{"rendered":"<p>Malabo \u2013 Guin\u00e9e \u00e9quatoriale, de l\u2019envoy\u00e9 sp\u00e9cial de Leaders, Taoufik Habaieb. En pr\u00e9lude des r\u00e9unions annuelles du Groupe de la Banque africaine de D\u00e9veloppement (BAD) qui s\u2019ouvrent ce mardi 11 juin dans la capitale \u00e9quato-guin\u00e9enne, Malabo, le pr\u00e9sident de la BAD Dr Akinwumi Adesina a justifi\u00e9 le th\u00e8me choisi cette ann\u00e9e. \u00ab\u00a0En invitant les 3000 [&hellip;]<\/p>\n","protected":false},"author":1772,"featured_media":39803,"comment_status":"closed","ping_status":"closed","sticky":false,"template":"","format":"standard","meta":{"fifu_image_url":"","fifu_image_alt":"","footnotes":""},"categories":[73,55],"tags":[],"class_list":["post-39797","post","type-post","status-publish","format-standard","has-post-thumbnail","hentry","category-actualite","category-tunisie"],"_links":{"self":[{"href":"https:\/\/linitiative.ca\/International\/wp-json\/wp\/v2\/posts\/39797","targetHints":{"allow":["GET"]}}],"collection":[{"href":"https:\/\/linitiative.ca\/International\/wp-json\/wp\/v2\/posts"}],"about":[{"href":"https:\/\/linitiative.ca\/International\/wp-json\/wp\/v2\/types\/post"}],"author":[{"embeddable":true,"href":"https:\/\/linitiative.ca\/International\/wp-json\/wp\/v2\/users\/1772"}],"replies":[{"embeddable":true,"href":"https:\/\/linitiative.ca\/International\/wp-json\/wp\/v2\/comments?post=39797"}],"version-history":[{"count":0,"href":"https:\/\/linitiative.ca\/International\/wp-json\/wp\/v2\/posts\/39797\/revisions"}],"wp:featuredmedia":[{"embeddable":true,"href":"https:\/\/linitiative.ca\/International\/wp-json\/"}],"wp:attachment":[{"href":"https:\/\/linitiative.ca\/International\/wp-json\/wp\/v2\/media?parent=39797"}],"wp:term":[{"taxonomy":"category","embeddable":true,"href":"https:\/\/linitiative.ca\/International\/wp-json\/wp\/v2\/categories?post=39797"},{"taxonomy":"post_tag","embeddable":true,"href":"https:\/\/linitiative.ca\/International\/wp-json\/wp\/v2\/tags?post=39797"}],"curies":[{"name":"wp","href":"https:\/\/api.w.org\/{rel}","templated":true}]}}