{"id":39798,"date":"2019-06-10T05:56:21","date_gmt":"2019-06-10T09:56:21","guid":{"rendered":"https:\/\/linitiative.ca\/International\/can-2019-le-mali-menace-de-la-disqualification\/"},"modified":"2019-06-10T05:56:21","modified_gmt":"2019-06-10T09:56:21","slug":"can-2019-le-mali-menace-de-la-disqualification","status":"publish","type":"post","link":"https:\/\/linitiative.ca\/International\/can-2019-le-mali-menace-de-la-disqualification\/","title":{"rendered":"CAN 2019 : Le Mali menac\u00e9 de la disqualification"},"content":{"rendered":"<div class=\"nc_socialPanel swp_flatFresh swp_d_fullColor swp_i_fullColor swp_o_fullColor scale-100 scale-fullWidth\" data-position=\"none\" data-float=\"floatNone\" data-count=\"5\" data-floatcolor=\"#ffffff\" data-emphasize=\"0\">\n<div class=\"nc_tweetContainer totes totesalt\" data-id=\"6\"><span class=\"swp_count\"><span class=\"swp_label\">Partages<\/span> 0<\/span><\/div>\n<\/div>\n<p>\u00c0 quelques jours du coup d\u2019envoi de la Coupe d\u2019Afrique des nations en \u00c9gypte, la s\u00e9lection malienne est menac\u00e9e d\u2019\u00eatre disqualifi\u00e9e \u00e0 cause\u00a0d\u2019une crise qui mine la F\u00e9d\u00e9ration malienne de football qui pourrait s\u00e9vir et priver le Mali de la CAN. Une telle d\u00e9cision aurait l\u2019effet d\u2019un s\u00e9isme dans cette Coupe d\u2019Afrique \u00e0 24 \u00e9quipes.<\/p>\n<p>Le Mali se trouve dans le groupe E aux cot\u00e9s de la Tunisie, de la Mauritanie et de l\u2019Angola.<\/p>\n<div class=\"code-block code-block-1 c4\"><ins class=\"adsbygoogle c3\" data-ad-layout=\"in-article\" data-ad-format=\"fluid\" data-ad-client=\"ca-pub-2102118777505746\" data-ad-slot=\"7301775417\"\/> <\/div>\n<p>Depuis mars 2017, la F\u00e9d\u00e9ration malienne de football (F\u00e9mafoot) est suspendue par la FIFA en raison d\u2019ing\u00e9rence du pouvoir dans ses affaires. En d\u00e9cembre de la m\u00eame ann\u00e9e, la F\u00e9mafoot a d\u00e9cid\u00e9 de placer la F\u00e9d\u00e9ration sous la tutelle d\u2019un comit\u00e9 de normalisation (Conor), avec notamment deux objectifs affich\u00e9s\u00a0: r\u00e9diger de nouveaux statuts au sein de la F\u00e9d\u00e9ration, et r\u00e9organiser les affaires courantes. Deux missions qui n\u2019ont toujours pas abouti. Le championnat malien, par exemple, est toujours \u00e0 l\u2019arr\u00eat depuis novembre 2017, bien que les tractations avancent pour sa reprise.<\/p>\n<p>V\u00e9ron Mosenga-Omba, directeur des associations membres de l\u2019Afrique et des Cara\u00efbes \u00e0 la FIFA,\u00a0a annonc\u00e9 dans un <a href=\"https:\/\/twitter.com\/OmbaVeron\/status\/1137468299795677184\" target=\"_blank\" rel=\"noopener noreferrer\">tweet<\/a> \u00ab\u00a0Gianni Infantino est clair\u00a0: la FIFA a \u00e9t\u00e9 et reste aux c\u00f4t\u00e9s du football malien qui a un potentiel incroyable, mais ce dernier court le risque d\u2019une suspension au niveau de la FIFA (\u2026) si l\u2019assembl\u00e9e g\u00e9n\u00e9rale du 15 juin prochain est sabot\u00e9e\u00a0\u00bb.<\/p>\n<p>Lors des \u00e9liminatoires de la CAN 2019, le Mali a termin\u00e9 en t\u00eate du groupe C (14 points) devant le Burundi (10 points). Le Gabon (8 points) et le Soudan du Sud (0 point) sont rest\u00e9s \u00e0 quai. Le Mali disqualifi\u00e9, les Panth\u00e8res gabonaises pourraient r\u00e9cup\u00e9rer sa place. Par ailleurs, le Burkina Faso, qui a termin\u00e9 la phase des qualifications avec leurs 10 points devanc\u00e9 par l\u2019Angola et la Mauritanie (12 points) pourrait prendre la place du Mali gr\u00e2ce \u00e0 place de meilleurs 3\u00e8mes.<\/p>\n<div class=\"mvp-org-wrap mvp-org-logo\" itemprop=\"publisher\" itemscope=\"\" itemtype=\"https:\/\/schema.org\/Organization\"><img decoding=\"async\" src=\"https:\/\/sport.tunisienumerique.com\/wp-content\/uploads\/2017\/05\/logo_tunisie_numerique.png\"\/><\/div>\n<div class=\"nc_socialPanel swp_flatFresh swp_d_fullColor swp_i_fullColor swp_o_fullColor scale-100 scale-fullWidth\" data-position=\"none\" data-float=\"floatNone\" data-count=\"5\" data-floatcolor=\"#ffffff\" data-emphasize=\"0\">\n<div class=\"nc_tweetContainer totes totesalt\" data-id=\"6\"><span class=\"swp_count\"><span class=\"swp_label\">Partages<\/span> 0<\/span><\/div>\n<\/div>\n<div class=\"mvp-related-posts left relative\">\n<h4 class=\"post-header\"><span class=\"post-header\">Lire aussi<\/span><\/h4>\n<\/div>\n<p>Auteur: a.<br \/>\n<a href=\"https:\/\/sport.tunisienumerique.com\/can-2019-mali-menace-de-disqualification\/\">Cliquez ici pour lire l&rsquo;article depuis sa source.<\/a><\/p>\n","protected":false},"excerpt":{"rendered":"<p>Partages 0 \u00c0 quelques jours du coup d\u2019envoi de la Coupe d\u2019Afrique des nations en \u00c9gypte, la s\u00e9lection malienne est menac\u00e9e d\u2019\u00eatre disqualifi\u00e9e \u00e0 cause\u00a0d\u2019une crise qui mine la F\u00e9d\u00e9ration malienne de football qui pourrait s\u00e9vir et priver le Mali de la CAN. Une telle d\u00e9cision aurait l\u2019effet d\u2019un s\u00e9isme dans cette Coupe d\u2019Afrique \u00e0 [&hellip;]<\/p>\n","protected":false},"author":1789,"featured_media":39802,"comment_status":"closed","ping_status":"closed","sticky":false,"template":"","format":"standard","meta":{"fifu_image_url":"","fifu_image_alt":"","footnotes":""},"categories":[73,55],"tags":[],"class_list":["post-39798","post","type-post","status-publish","format-standard","has-post-thumbnail","hentry","category-actualite","category-tunisie"],"_links":{"self":[{"href":"https:\/\/linitiative.ca\/International\/wp-json\/wp\/v2\/posts\/39798","targetHints":{"allow":["GET"]}}],"collection":[{"href":"https:\/\/linitiative.ca\/International\/wp-json\/wp\/v2\/posts"}],"about":[{"href":"https:\/\/linitiative.ca\/International\/wp-json\/wp\/v2\/types\/post"}],"author":[{"embeddable":true,"href":"https:\/\/linitiative.ca\/International\/wp-json\/wp\/v2\/users\/1789"}],"replies":[{"embeddable":true,"href":"https:\/\/linitiative.ca\/International\/wp-json\/wp\/v2\/comments?post=39798"}],"version-history":[{"count":0,"href":"https:\/\/linitiative.ca\/International\/wp-json\/wp\/v2\/posts\/39798\/revisions"}],"wp:featuredmedia":[{"embeddable":true,"href":"https:\/\/linitiative.ca\/International\/wp-json\/"}],"wp:attachment":[{"href":"https:\/\/linitiative.ca\/International\/wp-json\/wp\/v2\/media?parent=39798"}],"wp:term":[{"taxonomy":"category","embeddable":true,"href":"https:\/\/linitiative.ca\/International\/wp-json\/wp\/v2\/categories?post=39798"},{"taxonomy":"post_tag","embeddable":true,"href":"https:\/\/linitiative.ca\/International\/wp-json\/wp\/v2\/tags?post=39798"}],"curies":[{"name":"wp","href":"https:\/\/api.w.org\/{rel}","templated":true}]}}