{"id":39799,"date":"2019-06-10T07:31:49","date_gmt":"2019-06-10T11:31:49","guid":{"rendered":"https:\/\/linitiative.ca\/International\/avec-une-forte-participation-a-lechelle-continentale-et-internationale-le-volley-ball-national-revient-de-loin\/"},"modified":"2019-06-10T07:31:49","modified_gmt":"2019-06-10T11:31:49","slug":"avec-une-forte-participation-a-lechelle-continentale-et-internationale-le-volley-ball-national-revient-de-loin","status":"publish","type":"post","link":"https:\/\/linitiative.ca\/International\/avec-une-forte-participation-a-lechelle-continentale-et-internationale-le-volley-ball-national-revient-de-loin\/","title":{"rendered":"Avec une forte participation \u00e0 l\u2019\u00e9chelle continentale et internationale : Le volley-ball national revient de loin"},"content":{"rendered":"<p><img decoding=\"async\" class=\"post_layout_5_img\" src=\"http:\/\/aujourdhui.ma\/wp-content\/uploads\/2019\/06\/Volleyball.jpg?x29840\" alt=\"Avec une forte participation \u00e0 l\u2019\u00e9chelle continentale et internationale : Le volley-ball national revient de loin\"\/><\/p>\n<p class=\"p1\"><span class=\"c4\"><strong><em>La saison 2018-2019 est \u00e0 marquer\u00a0<\/em><em>d\u2019une pierre blanche tant les r\u00e9sultats obtenus promettent de voir ce sport collectif de six joueurs se distinguer sur les sc\u00e8nes continentale et internationale.<\/em><\/strong><\/span><span id=\"more-312570\"\/><\/p>\n<p class=\"p1\">Vous en conviendrez, le sport national se porte bien ou du moins mieux ces derni\u00e8res ann\u00e9es. Outre le football, d\u2019autres disciplines sont en train de vivre de v\u00e9ritables mutations profondes dont les retomb\u00e9es se font concr\u00e8tement ressentir. Le volley-ball national constitue l\u2019illustre exemple.<\/p>\n<p class=\"p1\">La saison 2018-2019 est \u00e0 marquer d\u2019une pierre blanche tant les r\u00e9sultats obtenus promettent de voir ce sport collectif de six joueurs se distinguer sur les sc\u00e8nes continentale et internationale.<\/p>\n<p class=\"p1\">Ces performances ne concernent pas seulement les seniors, mais \u00e9galement les cat\u00e9gories des jeunes. Qu\u2019il s\u2019agisse de volley-ball en salle, de volley-ball en plein air ou de beach-volley, les r\u00e9sultats des \u00e9quipes nationales de toutes les cat\u00e9gories d\u2019\u00e2ge ont connu, au cours des trois derni\u00e8res ann\u00e9es, une \u00e9volution constante et positive.<\/p>\n<p class=\"p1\">L\u2019une des r\u00e9alisations les plus importantes du volley-ball national au cours de la saison est la qualification de la s\u00e9lection marocaine pour le Championnat d\u2019Afrique des Nations, pr\u00e9vu en Egypte du 19 au 29 juillet, et la qualification pour les \u00e9liminatoires des Jeux olympiques (Tokyo 2020) qui seront organis\u00e9es par la Tunisie et l\u2019Alg\u00e9rie en octobre, outre la participation \u00e0 la 12\u00e8 \u00e9dition des Jeux africains qui sera abrit\u00e9e par le Maroc du 19 au 31 ao\u00fbt.<\/p>\n<p class=\"p1\">Chez les dames, la r\u00e9alisation la plus importante du volley-ball f\u00e9minin reste sa participation aux phases finales de la Coupe d\u2019Afrique des Nations en \u00c9gypte du 5 au 15 juillet et aux Jeux africains (Maroc 2019).<\/p>\n<p class=\"p1\">Les cat\u00e9gories des jeunes n\u2019ont pas d\u00e9rog\u00e9 \u00e0 la r\u00e8gle puisque l\u2019\u00e9quipe nationale des moins de 21 ans s\u2019est qualifi\u00e9e pour le Championnat du monde des jeunes, qui se tiendra dans la capitale du Bahre\u00efn du 15 au 28 juillet, tandis que l\u2019\u00e9quipe nationale des moins de 19 ans a atteint les phases finales du Championnat arabe de volley-ball en salle, qui se tiendra en Jordanie du 3 au 14 ao\u00fbt.<\/p>\n<p class=\"p1\">L\u2019\u00e9quipe de beach-volley a \u00e9galement \u00e9t\u00e9 une r\u00e9ussite majeure au niveau continental en remportant le titre de championne d\u2019Afrique pour la deuxi\u00e8me fois cons\u00e9cutive, \u00e0 Abuja, au Nigeria, ce qui lui a permis de se qualifier pour les Championnats du monde qui se d\u00e9rouleront \u00e0 Hambourg, en Allemagne, du 28 juin au 7 juillet. De nouveaux d\u00e9fis attendent l\u2019\u00e9quipe marocaine de beach-volley, notamment les prochains Jeux africains au Maroc, ainsi que les qualifications pour les Jeux olympiques de Tokyo 2020 en octobre en Tunisie et en Alg\u00e9rie, outre les Jeux africains de plage qui se tiendront au Cap-Vert du 14 au 23 juin.<\/p>\n<p class=\"p1\">Dans ce sens, la pr\u00e9sidente de la F\u00e9d\u00e9ration royale marocaine de volley-ball (FRMVB), Bouchra Hajij, a indiqu\u00e9 que la F\u00e9d\u00e9ration avait adopt\u00e9 une approche ambitieuse visant \u00e0 se focaliser sur les performances des \u00e9quipes nationales dans le but de les am\u00e9liorer afin d\u2019obtenir des r\u00e9sultats honorables et d\u2019am\u00e9liorer leurs classements aux niveaux arabe et africain.<\/p>\n<p class=\"p1\">Elle a soulign\u00e9 que le d\u00e9veloppement du volley-ball national passe n\u00e9cessairement par le d\u00e9veloppement de programmes de formation appropri\u00e9s pour les joueurs, aussi bien au niveau de la F\u00e9d\u00e9ration que des Ligues, mettant l\u2019accent sur la n\u00e9cessit\u00e9 de renforcer les rangs des \u00e9quipes nationales en portant une attention particuli\u00e8re aux cat\u00e9gories des jeunes pour prendre le relais.<\/p>\n<p>Auteur: ALM<br \/>\n<a href=\"http:\/\/aujourdhui.ma\/sports\/avec-une-forte-participation-a-lechelle-continentale-et-internationale-le-volley-ball-national-revient-de-loin\">Cliquez ici pour lire l&rsquo;article depuis sa source.<\/a><\/p>\n","protected":false},"excerpt":{"rendered":"<p>La saison 2018-2019 est \u00e0 marquer\u00a0d\u2019une pierre blanche tant les r\u00e9sultats obtenus promettent de voir ce sport collectif de six joueurs se distinguer sur les sc\u00e8nes continentale et internationale. Vous en conviendrez, le sport national se porte bien ou du moins mieux ces derni\u00e8res ann\u00e9es. Outre le football, d\u2019autres disciplines sont en train de vivre [&hellip;]<\/p>\n","protected":false},"author":1759,"featured_media":0,"comment_status":"closed","ping_status":"closed","sticky":false,"template":"","format":"standard","meta":{"fifu_image_url":"","fifu_image_alt":"","footnotes":""},"categories":[73,54],"tags":[],"class_list":["post-39799","post","type-post","status-publish","format-standard","hentry","category-actualite","category-maroc"],"_links":{"self":[{"href":"https:\/\/linitiative.ca\/International\/wp-json\/wp\/v2\/posts\/39799","targetHints":{"allow":["GET"]}}],"collection":[{"href":"https:\/\/linitiative.ca\/International\/wp-json\/wp\/v2\/posts"}],"about":[{"href":"https:\/\/linitiative.ca\/International\/wp-json\/wp\/v2\/types\/post"}],"author":[{"embeddable":true,"href":"https:\/\/linitiative.ca\/International\/wp-json\/wp\/v2\/users\/1759"}],"replies":[{"embeddable":true,"href":"https:\/\/linitiative.ca\/International\/wp-json\/wp\/v2\/comments?post=39799"}],"version-history":[{"count":0,"href":"https:\/\/linitiative.ca\/International\/wp-json\/wp\/v2\/posts\/39799\/revisions"}],"wp:attachment":[{"href":"https:\/\/linitiative.ca\/International\/wp-json\/wp\/v2\/media?parent=39799"}],"wp:term":[{"taxonomy":"category","embeddable":true,"href":"https:\/\/linitiative.ca\/International\/wp-json\/wp\/v2\/categories?post=39799"},{"taxonomy":"post_tag","embeddable":true,"href":"https:\/\/linitiative.ca\/International\/wp-json\/wp\/v2\/tags?post=39799"}],"curies":[{"name":"wp","href":"https:\/\/api.w.org\/{rel}","templated":true}]}}