{"id":39800,"date":"2019-06-10T05:21:51","date_gmt":"2019-06-10T09:21:51","guid":{"rendered":"https:\/\/linitiative.ca\/International\/la-conference-mondiale-a-tunis-du-11-au-14-juin-les-droits-de-lhomme-a-lere-numerique\/"},"modified":"2019-06-10T05:21:51","modified_gmt":"2019-06-10T09:21:51","slug":"la-conference-mondiale-a-tunis-du-11-au-14-juin-les-droits-de-lhomme-a-lere-numerique","status":"publish","type":"post","link":"https:\/\/linitiative.ca\/International\/la-conference-mondiale-a-tunis-du-11-au-14-juin-les-droits-de-lhomme-a-lere-numerique\/","title":{"rendered":"La Conf\u00e9rence mondiale \u00e0 Tunis du 11 au 14 juin  Les droits de l\u2019Homme \u00e0 l\u2019\u00e8re num\u00e9rique"},"content":{"rendered":"<p>La 8e session de la Conf\u00e9rence mondiale sur les droits de l\u2019Homme \u00e0 l\u2019\u00e8re num\u00e9rique se tiendra \u00e0 Tunis du 11 au 14 juin courant. Elle vise \u00e0 renforcer les droits de l\u2019Homme num\u00e9riques et \u00e0 les prot\u00e9ger afin d\u2019\u00e9tablir un r\u00e9seau internet gratuit et ouvert \u00e0 tous et de consolider les droits et les libert\u00e9s garantis par les lois et trait\u00e9s internationaux.<\/p>\n<p>La conf\u00e9rence ou RightsCon \u0153uvre \u00e0 garantir le d\u00e9veloppement progressif des droits de l\u2019Homme num\u00e9riques internationaux et \u00e0 les ex\u00e9cuter efficacement, outre la garantie de la libert\u00e9 d\u2019opinion, de la pens\u00e9e et de la confidentialit\u00e9 et la protection des donn\u00e9es personnelles.<\/p>\n<p>La s\u00e9curit\u00e9 num\u00e9rique, la gestion des affaires et des droits de l\u2019Homme et autres droits li\u00e9s \u00e0 la technologie moderne et son influence sur les droits de l\u2019Homme font aussi partie des domaines d\u2019int\u00e9r\u00eat de la conf\u00e9rence.<\/p>\n<p>Les organisateurs ont choisi la Tunisie pour abriter cet \u00e9v\u00e9nement pour la premi\u00e8re fois en Afrique et au Moyen-Orient car, selon eux, ce pays est un<\/p>\n<p>\u00ab Centre technologique actif et une d\u00e9mocratie naissante \u00bb.<\/p>\n<p>RightsCon est le forum o\u00f9 technologistes, chefs d\u2019entreprise, startups, repr\u00e9sentants de gouvernement, d\u00e9cideurs, d\u00e9fenseurs des droits humains et journalistes se r\u00e9unissent afin d\u2019\u00e9laborer des strat\u00e9gies, de r\u00e9soudre des probl\u00e8mes et de g\u00e9n\u00e9rer un r\u00e9el changement \u00e0 l\u2019\u00e8re num\u00e9rique, selon leur site.<\/p>\n<p>La conf\u00e9rence sera ax\u00e9e sur plusieurs questions comme notamment l\u2019int\u00e9grit\u00e9 des \u00e9lections, les valeurs d\u00e9mocratiques, l\u2019intelligence artificielle, les identit\u00e9s en ligne et la technologie de reconnaissance faciale.<\/p>\n<p>Cr\u00e9\u00e9e en 2009, RightsCon rassemble des chefs d\u2019entreprise, des responsables politiques, des directeurs juridiques, des repr\u00e9sentants gouvernementaux, des technologues et des d\u00e9fenseurs des droits humains.<\/p>\n<p>En 2018, la conf\u00e9rence mondiale a \u00e9t\u00e9 organis\u00e9e \u00e0 Toronto (Canada) et avait rassembl\u00e9 plus de 2500 participants venant de plus de 118 pays.<\/p>\n<p class=\"dpsp-share-text\">Partager c&rsquo;est aimer!<\/p>\n<div class=\"wp-post-author-wrap wp-post-author-shortcode left\">\n<h3 class=\"awpa-title\"\/>\n<div class=\"wp-post-author\">\n<div class=\"awpa-img awpa-author-block square\"><a href=\"http:\/\/lexpertjournal.net\/fr\/author\/expert\/\"><img loading=\"lazy\" decoding=\"async\" alt=\"\" src=\"http:\/\/2.gravatar.com\/avatar\/56d99be2a6f97af88ccb49fada637fcd?s=150&#038;d=mm&#038;r=g\" srcset=\"http:\/\/2.gravatar.com\/avatar\/56d99be2a6f97af88ccb49fada637fcd?s=300&#038;d=mm&#038;r=g 2x\" class=\"avatar avatar-150 photo\" height=\"150\" width=\"150\"\/><\/a><\/div>\n<\/div>\n<\/div>\n<p>Auteur: L&rsquo;expert<br \/>\n<a href=\"http:\/\/lexpertjournal.net\/fr\/2019\/06\/10\/la-conference-mondiale-a-tunis-du-11-au-14-juin-les-droits-de-lhomme-a-lere-numerique\/\">Cliquez ici pour lire l&rsquo;article depuis sa source.<\/a><\/p>\n","protected":false},"excerpt":{"rendered":"<p>La 8e session de la Conf\u00e9rence mondiale sur les droits de l\u2019Homme \u00e0 l\u2019\u00e8re num\u00e9rique se tiendra \u00e0 Tunis du 11 au 14 juin courant. Elle vise \u00e0 renforcer les droits de l\u2019Homme num\u00e9riques et \u00e0 les prot\u00e9ger afin d\u2019\u00e9tablir un r\u00e9seau internet gratuit et ouvert \u00e0 tous et de consolider les droits et les [&hellip;]<\/p>\n","protected":false},"author":1775,"featured_media":0,"comment_status":"closed","ping_status":"closed","sticky":false,"template":"","format":"standard","meta":{"fifu_image_url":"","fifu_image_alt":"","footnotes":""},"categories":[78,55],"tags":[],"class_list":["post-39800","post","type-post","status-publish","format-standard","hentry","category-economie","category-tunisie"],"_links":{"self":[{"href":"https:\/\/linitiative.ca\/International\/wp-json\/wp\/v2\/posts\/39800","targetHints":{"allow":["GET"]}}],"collection":[{"href":"https:\/\/linitiative.ca\/International\/wp-json\/wp\/v2\/posts"}],"about":[{"href":"https:\/\/linitiative.ca\/International\/wp-json\/wp\/v2\/types\/post"}],"author":[{"embeddable":true,"href":"https:\/\/linitiative.ca\/International\/wp-json\/wp\/v2\/users\/1775"}],"replies":[{"embeddable":true,"href":"https:\/\/linitiative.ca\/International\/wp-json\/wp\/v2\/comments?post=39800"}],"version-history":[{"count":0,"href":"https:\/\/linitiative.ca\/International\/wp-json\/wp\/v2\/posts\/39800\/revisions"}],"wp:attachment":[{"href":"https:\/\/linitiative.ca\/International\/wp-json\/wp\/v2\/media?parent=39800"}],"wp:term":[{"taxonomy":"category","embeddable":true,"href":"https:\/\/linitiative.ca\/International\/wp-json\/wp\/v2\/categories?post=39800"},{"taxonomy":"post_tag","embeddable":true,"href":"https:\/\/linitiative.ca\/International\/wp-json\/wp\/v2\/tags?post=39800"}],"curies":[{"name":"wp","href":"https:\/\/api.w.org\/{rel}","templated":true}]}}