{"id":39805,"date":"2019-06-10T07:32:15","date_gmt":"2019-06-10T11:32:15","guid":{"rendered":"https:\/\/linitiative.ca\/International\/trans-atlas-marathon-de-retour-pour-une-7eme-edition\/"},"modified":"2019-06-10T07:32:15","modified_gmt":"2019-06-10T11:32:15","slug":"trans-atlas-marathon-de-retour-pour-une-7eme-edition","status":"publish","type":"post","link":"https:\/\/linitiative.ca\/International\/trans-atlas-marathon-de-retour-pour-une-7eme-edition\/","title":{"rendered":"Trans Atlas Marathon de retour pour une 7\u00e8me \u00e9dition"},"content":{"rendered":"<header>\n<div class=\"entry-post-meta\">\n<div class=\"author-link\">Publi\u00e9 par <a itemprop=\"author\" itemscope=\"\" itemtype=\"https:\/\/schema.org\/Person\" href=\"http:\/\/aujourdhui.ma\/profile\/kaid\" rel=\"author\"><span itemprop=\"name\">ALM<\/span><\/a><\/div>\n<p>Date\u00a0:<time content=\"2019-06-10T11:32:15+00:00\" class=\"entry-date updated\" datetime=\"2019-06-10T11:32:15+00:00\">juin 10, 2019<\/time><\/p>\n<div class=\"entry-cat\">dans:<a href=\"http:\/\/aujourdhui.ma\/category\/sports\" rel=\"category tag\">Sports<\/a><\/div>\n<p>0 Vues<\/p>\n<\/div>\n<\/header>\n<div class=\"entry-content clearfix\" readability=\"49\"><img decoding=\"async\" class=\"post_layout_5_img\" src=\"http:\/\/aujourdhui.ma\/wp-content\/uploads\/2019\/06\/Trans-Atlas-Marathon.jpg?x29840\" alt=\"Trans Atlas Marathon de retour pour une 7\u00e8me \u00e9dition\"\/><\/p>\n<p class=\"p1\"><span class=\"s1\"><span class=\"c4\"><strong>Le coup d\u2019envoi de l\u2019\u00e9dition 2019 du Trans Atlas Marathon (TAM) sera donn\u00e9 ce lundi 10 juin dans la r\u00e9gion d\u2019Azilal et ce, pour la septi\u00e8me ann\u00e9e cons\u00e9cutive.<\/strong><\/span><\/span><span id=\"more-312572\"\/><\/p>\n<p class=\"p1\"><span class=\"s1\">Ils seront cette ann\u00e9e 30 concurrents (19 hommes et 11 femmes) repr\u00e9sentant 11 nationalit\u00e9s diff\u00e9rentes \u00e0 y prendre part. La premi\u00e8re \u00e9tape, longue de 38 km, constitue une boucle autour du village d\u2019Agouti et ses paysages de carte postale.<\/span><\/p>\n<p class=\"p1\"><span class=\"s1\">Organis\u00e9 par Ahansal Events avec le soutien de la province d\u2019Azilal et des autorit\u00e9s de la r\u00e9gion, le Trans Atlas Marathon est une course tr\u00e8s exigeante qui se d\u00e9roule au c\u0153ur du Haut- Atlas marocain, dans la splendide vall\u00e9e des A\u00eft Bougmez. En effet, outre les 250 km \u00e0 parcourir en six \u00e9tapes, les participants doivent \u00e9galement surmonter l\u2019\u00e9preuve li\u00e9e \u00e0 l\u2019altitude puisque le parcours pr\u00e9sente plus ou moins 12.000 m de d\u00e9nivel\u00e9\u00a0!<\/span><\/p>\n<\/div>\n<p>Auteur: ALM<br \/>\n<a href=\"http:\/\/aujourdhui.ma\/sports\/trans-atlas-marathon-de-retour-pour-une-7eme-edition\">Cliquez ici pour lire l&rsquo;article depuis sa source.<\/a><\/p>\n","protected":false},"excerpt":{"rendered":"<p>Publi\u00e9 par ALM Date\u00a0:juin 10, 2019 dans:Sports 0 Vues Le coup d\u2019envoi de l\u2019\u00e9dition 2019 du Trans Atlas Marathon (TAM) sera donn\u00e9 ce lundi 10 juin dans la r\u00e9gion d\u2019Azilal et ce, pour la septi\u00e8me ann\u00e9e cons\u00e9cutive. Ils seront cette ann\u00e9e 30 concurrents (19 hommes et 11 femmes) repr\u00e9sentant 11 nationalit\u00e9s diff\u00e9rentes \u00e0 y prendre [&hellip;]<\/p>\n","protected":false},"author":1759,"featured_media":0,"comment_status":"closed","ping_status":"closed","sticky":false,"template":"","format":"standard","meta":{"fifu_image_url":"","fifu_image_alt":"","footnotes":""},"categories":[73,54],"tags":[],"class_list":["post-39805","post","type-post","status-publish","format-standard","hentry","category-actualite","category-maroc"],"_links":{"self":[{"href":"https:\/\/linitiative.ca\/International\/wp-json\/wp\/v2\/posts\/39805","targetHints":{"allow":["GET"]}}],"collection":[{"href":"https:\/\/linitiative.ca\/International\/wp-json\/wp\/v2\/posts"}],"about":[{"href":"https:\/\/linitiative.ca\/International\/wp-json\/wp\/v2\/types\/post"}],"author":[{"embeddable":true,"href":"https:\/\/linitiative.ca\/International\/wp-json\/wp\/v2\/users\/1759"}],"replies":[{"embeddable":true,"href":"https:\/\/linitiative.ca\/International\/wp-json\/wp\/v2\/comments?post=39805"}],"version-history":[{"count":0,"href":"https:\/\/linitiative.ca\/International\/wp-json\/wp\/v2\/posts\/39805\/revisions"}],"wp:attachment":[{"href":"https:\/\/linitiative.ca\/International\/wp-json\/wp\/v2\/media?parent=39805"}],"wp:term":[{"taxonomy":"category","embeddable":true,"href":"https:\/\/linitiative.ca\/International\/wp-json\/wp\/v2\/categories?post=39805"},{"taxonomy":"post_tag","embeddable":true,"href":"https:\/\/linitiative.ca\/International\/wp-json\/wp\/v2\/tags?post=39805"}],"curies":[{"name":"wp","href":"https:\/\/api.w.org\/{rel}","templated":true}]}}