{"id":39808,"date":"2019-06-10T07:37:14","date_gmt":"2019-06-10T11:37:14","guid":{"rendered":"https:\/\/linitiative.ca\/International\/le-festival-gnaoua-et-musiques-du-monde-dessaouira-souvre-en-rythmes-afro-cubains-de-rumba\/"},"modified":"2019-06-10T07:37:14","modified_gmt":"2019-06-10T11:37:14","slug":"le-festival-gnaoua-et-musiques-du-monde-dessaouira-souvre-en-rythmes-afro-cubains-de-rumba","status":"publish","type":"post","link":"https:\/\/linitiative.ca\/International\/le-festival-gnaoua-et-musiques-du-monde-dessaouira-souvre-en-rythmes-afro-cubains-de-rumba\/","title":{"rendered":"Le Festival Gnaoua et musiques du monde d\u2019Essaouira s\u2019ouvre en rythmes afro-cubains de rumba"},"content":{"rendered":"<p><img decoding=\"async\" class=\"post_layout_5_img\" src=\"http:\/\/aujourdhui.ma\/wp-content\/uploads\/2019\/06\/Randy-Weston.jpg?x29840\" alt=\"Le Festival Gnaoua et musiques du monde d\u2019Essaouira s\u2019ouvre en rythmes afro-cubains de rumba\"\/><\/p>\n<p class=\"p1\"><span class=\"s1 c4\"><strong>La 22\u00e8me \u00e9dition se tiendra du 20 au 22 juin<\/strong><\/span><span id=\"more-312571\"\/><\/p>\n<div class=\"base-box mom_box_sc_custom mom_box_sc clear c5\" readability=\"10\">\n<p class=\"p1\"><span class=\"s1\"><strong>Les Issaoua d\u2019Essaouira feront vibrer Dar Souiri qui abritera \u00e9galement une \u00abLila Rbatia\u00bb avec Ma\u00e2lems Fathellah Chaouki, Rachid Ladhass, Mahjoub El Gouchi et Abderrazak Moustaqim.<\/strong><\/span><\/p>\n<\/div>\n<p class=\"p1\"><span class=\"s1\">Le 22\u00e8me Festival Gnaoua et musiques du monde d\u2019Essaouira, qui se tiendra du 20 au 22 juin sous le Haut patronage de SM le Roi Mohammed VI, s\u2019ouvrira en rythmes afro-cubains de rumba. Des airs qui souffleront sur la sc\u00e8ne Moulay Hassan le temps d\u2019une r\u00e9sidence artistique qui rassemblera, selon l\u2019association Yerma Gnaoua, initiatrice du festival, deux grandes figures imposantes.<\/span><\/p>\n<p class=\"p3\"><span class=\"s1\"><strong>Le plein de fusions<\/strong><\/span><\/p>\n<p class=\"p1\"><span class=\"s1\">Il s\u2019agit du repr\u00e9sentant du renouvellement de l\u2019art gnaoui, Ma\u00e2lem Hassan Boussou, et du g\u00e9nie des sonorit\u00e9s cubaines et de la tradition havanaise, Adonis Panter Calder\u00f3n, qui se produira avec sa formation Osain del Monte.<\/span><\/p>\n<p class=\"p1\"><span class=\"s1\">A lui seul, Hassan Boussou, fils de ma\u00e2lem H\u2019mida Boussou, a, comme le rappellent les initiateurs, \u00e9t\u00e9 \u00e9duqu\u00e9 selon les pr\u00e9ceptes de la tradition gnaouie. Le r\u00e9pertoire traditionnel reste sa principale source d\u2019inspiration tout en s\u2019enrichissant de la pr\u00e9sence de musiciens qui apportent des sonorit\u00e9s cr\u00e9ant une fusion de styles et de cultures musicales diff\u00e9rentes. Quant \u00e0 la prestigieuse formation Osain del Monte, elle a \u00e9t\u00e9 cr\u00e9\u00e9e en 2012 par Adonis Panter Calder\u00f3n, v\u00e9ritable prodige de la percussion afro-cubaine. Le groupe r\u00e9unit la jeune g\u00e9n\u00e9ration montante de chanteurs, danseurs et percussionnistes de la Havane, ambassadeurs des musiques issues de rites sacr\u00e9s les plus \u00abafro\u00bb de la tradition cubaine: santeria, pablo, abacua, iyesa, rumba, columbia\u2026.<\/span><\/p>\n<p class=\"p1\"><span class=\"s1\">Sur la m\u00eame sc\u00e8ne, Ma\u00e2lem Omar Hayat et Moh ! Kouyat\u00e9 relayeront, de leur c\u00f4t\u00e9, leur art tour \u00e0 tour avant de se produire ensemble le temps d\u2019une fusion maroco-guin\u00e9enne. Pour leur part, les Ma\u00e2lems Abdelkebir et Hicham Merchane ainsi que le Ma\u00e2lem Said Boulhimas et Guest sont attendus sur les m\u00eames lieux.<\/span><\/p>\n<p><a href=\"http:\/\/aujourdhui.ma\/wp-content\/uploads\/2019\/06\/Randy-Weston-Hommage-Gnaoua-2019.jpg?x29840\"><img loading=\"lazy\" decoding=\"async\" class=\"size-full wp-image-312578 aligncenter\" src=\"http:\/\/aujourdhui.ma\/wp-content\/uploads\/2019\/06\/Randy-Weston-Hommage-Gnaoua-2019.jpg?x29840\" alt=\"\" width=\"746\" height=\"380\" srcset=\"http:\/\/aujourdhui.ma\/wp-content\/uploads\/2019\/06\/Randy-Weston-Hommage-Gnaoua-2019.jpg 746w, http:\/\/aujourdhui.ma\/wp-content\/uploads\/2019\/06\/Randy-Weston-Hommage-Gnaoua-2019-300x153.jpg 300w\" sizes=\"auto, (max-width: 746px) 100vw, 746px\"\/><\/a><\/p>\n<p class=\"p3\"><span class=\"s1\"><strong>Des rythmes de par\u00a0<\/strong><\/span><span class=\"s1\"><strong>le monde<\/strong><\/span><\/p>\n<p class=\"p1\"><span class=\"s1\">Au-del\u00e0 de cette ouverture grandiose, la parade d\u2019ouverture demeure un \u00e9v\u00e9nement incontournable pour marquer l\u2019ouverture du festival. Une mani\u00e8re de mieux associer les habitants de la ville aux festivit\u00e9s.<\/span><\/p>\n<p class=\"p1\"><span class=\"s1\">A l\u2019autre bout de la cit\u00e9 des aliz\u00e9s, les Issaoua d\u2019Essaouira feront vibrer Dar Souiri qui abritera \u00e9galement une \u00abLila Rbatia\u00bb avec Ma\u00e2lems Fathellah Chaouki, Rachid Ladhass, Mahjoub El Gouchi et Abderrazak Moustaqim.<\/span><\/p>\n<p class=\"p1\"><span class=\"s1\">Le lendemain, la sc\u00e8ne Moulay Hassan retentira aux rythmes du collectif Tinariwen. <em>\u00abBien plus qu\u2019un groupe classique, Tinariwen est devenu un v\u00e9ritable mouvement culturel, originaire de l\u2019Adrar des Ifoghas, un massif saharien situ\u00e9 entre le nord du Mali et le sud alg\u00e9rien\u00bb,<\/em> pr\u00e9cisent les initiateurs \u00e0 propos de ces artistes qualifi\u00e9s de princes du d\u00e9sert. Apr\u00e8s quoi, la m\u00eame sc\u00e8ne retentira aux voix d\u2019or et de velours du grand Ma\u00e2lem Hamid El Kasri et la chanteuse britannique d\u2019origine tamoule (Inde), Susheela Raman, le temps d\u2019une fusion in\u00e9dite. Ils c\u00e9deront par la suite la sc\u00e8ne aux ambassadeurs du reggae, la formation jama\u00efcaine Third World qui, selon les initiateurs, fera vibrer le c\u0153ur de la ville.<\/span><\/p>\n<p class=\"p3\"><span class=\"s1\"><strong>Hommage \u00e0 Randy Weston<\/strong><\/span><\/p>\n<p class=\"p1\"><span class=\"s2\">Le m\u00eame jour, le 22 juin, le site Dar Souiri t\u00e9moignera de l\u2019hommage qui sera rendu \u00e0 la grande figure de jazz Randy Weston. <em>\u00abCet hommage qui s\u2019articulera autour de trois temps forts : une lila, une exposition et la projection d\u2019un documentaire\u00bb,<\/em> annoncent les initiateurs. Selon leurs dires, Randy Weston est consid\u00e9r\u00e9 comme un des derniers de toute une g\u00e9n\u00e9ration de l\u00e9gendes du panth\u00e9on du jazz. Cet African soul pianiste de renom qui a, selon la m\u00eame source, \u00e9t\u00e9 sacr\u00e9 \u00abDocteur de musique\u00bb par de nombreuses institutions culturelles et conservatoires de jazz s\u2019est toujours int\u00e9ress\u00e9 aux musiques populaires et aux musiques d\u2019Afrique. Randy Weston a pris pour refuge le Maroc o\u00f9 il s\u2019est install\u00e9 et tomb\u00e9 amoureux de la musique Gnaoua et d\u00e9veloppe une v\u00e9ritable complicit\u00e9 avec le Ma\u00e2lem Abdellah El Gourd de Tanger. Randy Weston a sillonn\u00e9 tout le continent \u00e0 la recherche de rythmes et de nouvelles couleurs mais le Maroc reste son coup de c\u0153ur, sa deuxi\u00e8me maison. Il s\u2019est produit en 2016 au Festival Gnaoua et Musiques du monde d\u2019Essaouira.<\/span><\/p>\n<p class=\"p1\"><span class=\"s2\">Apr\u00e8s 92 ann\u00e9es de splendeur musicale, le grand Randy s\u2019est \u00e9teint paisiblement le 1er septembre 2018. <em>\u00abAujourd\u2019hui, le Festival honore la m\u00e9moire de cet amoureux inconditionnel des musiques africaines et pionnier de la fusion gnaoua-jazz\u00bb,<\/em> encha\u00eenent les organisateurs.<\/span><\/p>\n<p class=\"p1\"><span class=\"s2\">Outre ces festivit\u00e9s, cette manifestation grandiose, organis\u00e9e dans plusieurs sites de la ville avec la participation d\u2019autres artistes, est, pour rappel, marqu\u00e9e par l\u2019organisation du Forum des droits de l\u2019Homme. Cet \u00e9v\u00e9nement, initi\u00e9 en partenariat avec le Conseil national des droits de l\u2019Homme, TV5 Monde et l\u2019Universit\u00e9 Mohammed V de Rabat, <em>est consacr\u00e9 cette ann\u00e9e \u00e0 \u00abLa force de<\/em><\/span> <em>la culture contre la culture de la violence\u00bb.<\/em><\/p>\n<p>Auteur: ALM<br \/>\n<a href=\"http:\/\/aujourdhui.ma\/culture\/musique\/le-festival-gnaoua-et-musiques-du-monde-dessaouira-souvre-en-rythmes-afro-cubains-de-rumba\">Cliquez ici pour lire l&rsquo;article depuis sa source.<\/a><\/p>\n","protected":false},"excerpt":{"rendered":"<p>La 22\u00e8me \u00e9dition se tiendra du 20 au 22 juin Les Issaoua d\u2019Essaouira feront vibrer Dar Souiri qui abritera \u00e9galement une \u00abLila Rbatia\u00bb avec Ma\u00e2lems Fathellah Chaouki, Rachid Ladhass, Mahjoub El Gouchi et Abderrazak Moustaqim. Le 22\u00e8me Festival Gnaoua et musiques du monde d\u2019Essaouira, qui se tiendra du 20 au 22 juin sous le Haut [&hellip;]<\/p>\n","protected":false},"author":1759,"featured_media":0,"comment_status":"closed","ping_status":"closed","sticky":false,"template":"","format":"standard","meta":{"fifu_image_url":"","fifu_image_alt":"","footnotes":""},"categories":[73,54],"tags":[],"class_list":["post-39808","post","type-post","status-publish","format-standard","hentry","category-actualite","category-maroc"],"_links":{"self":[{"href":"https:\/\/linitiative.ca\/International\/wp-json\/wp\/v2\/posts\/39808","targetHints":{"allow":["GET"]}}],"collection":[{"href":"https:\/\/linitiative.ca\/International\/wp-json\/wp\/v2\/posts"}],"about":[{"href":"https:\/\/linitiative.ca\/International\/wp-json\/wp\/v2\/types\/post"}],"author":[{"embeddable":true,"href":"https:\/\/linitiative.ca\/International\/wp-json\/wp\/v2\/users\/1759"}],"replies":[{"embeddable":true,"href":"https:\/\/linitiative.ca\/International\/wp-json\/wp\/v2\/comments?post=39808"}],"version-history":[{"count":0,"href":"https:\/\/linitiative.ca\/International\/wp-json\/wp\/v2\/posts\/39808\/revisions"}],"wp:attachment":[{"href":"https:\/\/linitiative.ca\/International\/wp-json\/wp\/v2\/media?parent=39808"}],"wp:term":[{"taxonomy":"category","embeddable":true,"href":"https:\/\/linitiative.ca\/International\/wp-json\/wp\/v2\/categories?post=39808"},{"taxonomy":"post_tag","embeddable":true,"href":"https:\/\/linitiative.ca\/International\/wp-json\/wp\/v2\/tags?post=39808"}],"curies":[{"name":"wp","href":"https:\/\/api.w.org\/{rel}","templated":true}]}}