{"id":39812,"date":"2019-06-10T07:43:32","date_gmt":"2019-06-10T11:43:32","guid":{"rendered":"https:\/\/linitiative.ca\/International\/revolver-se-produira-au-theatre-national-mohammed-v-a-rabat\/"},"modified":"2019-06-10T07:43:32","modified_gmt":"2019-06-10T11:43:32","slug":"revolver-se-produira-au-theatre-national-mohammed-v-a-rabat","status":"publish","type":"post","link":"https:\/\/linitiative.ca\/International\/revolver-se-produira-au-theatre-national-mohammed-v-a-rabat\/","title":{"rendered":"\u00abRevolver\u00bb se produira au th\u00e9\u00e2tre national Mohammed V \u00e0 Rabat"},"content":{"rendered":"<header>\n<div class=\"entry-post-meta\">\n<div class=\"author-link\">Publi\u00e9 par <a itemprop=\"author\" itemscope=\"\" itemtype=\"https:\/\/schema.org\/Person\" href=\"http:\/\/aujourdhui.ma\/profile\/kaid\" rel=\"author\"><span itemprop=\"name\">ALM<\/span><\/a><\/div>\n<p>Date\u00a0:<time content=\"2019-06-10T11:43:32+00:00\" class=\"entry-date updated\" datetime=\"2019-06-10T11:43:32+00:00\">juin 10, 2019<\/time><\/p>\n<div class=\"entry-cat\">dans:<a href=\"http:\/\/aujourdhui.ma\/category\/culture\" rel=\"category tag\">Culture<\/a><\/div>\n<p>0 Vues<\/p>\n<\/div>\n<\/header>\n<div class=\"entry-content clearfix\" readability=\"50\"><img decoding=\"async\" class=\"post_layout_5_img\" src=\"http:\/\/aujourdhui.ma\/wp-content\/uploads\/2019\/06\/Concert-du-groupe-Revo%CC%81lver-au-the%CC%81a%CC%82tre-national-Mohammed-V-.jpg?x29840\" alt=\"\u00abRevolver\u00bb se produira au th\u00e9\u00e2tre national Mohammed V \u00e0 Rabat\"\/><\/p>\n<p class=\"p1\"><span class=\"s1 c5\"><span class=\"c4\"><strong>\u00abRevolver\u00bb, l\u2019un des groupes mythiques de pop-rock en Espagne, se produira mercredi prochain au th\u00e9\u00e2tre national Mohammed V \u00e0 Rabat, une occasion de retrouver le public marocain, sept ans apr\u00e8s sa derni\u00e8re tourn\u00e9e dans le Royaume.<\/strong><\/span><\/span><span id=\"more-312584\"\/><\/p>\n<p class=\"p1\"><span class=\"s1\">L\u2019\u00e9v\u00e9nement comptera avec la participation des musiciens marocains, Noureddine Ennajraoui et Jalal El Allouli, qui avaient particip\u00e9 \u00e0 l\u2019enregistrement de l\u2019album intitul\u00e9 Argan, sorti par \u00abRevolver\u00bb en 2011. Ce spectacle marquera aussi le retour du fondateur du groupe, le musicien, interpr\u00e8te et compositeur espagnol Carlos Go\u00f1i, au Maroc, un pays qu\u2019il affectionne particuli\u00e8rement et dont la musique et les rythmes marquent de leur empreinte son inspiration.<\/span><\/p>\n<\/div>\n<p>Auteur: ALM<br \/>\n<a href=\"http:\/\/aujourdhui.ma\/culture\/revolver-se-produira-au-theatre-national-mohammed-v-a-rabat\">Cliquez ici pour lire l&rsquo;article depuis sa source.<\/a><\/p>\n","protected":false},"excerpt":{"rendered":"<p>Publi\u00e9 par ALM Date\u00a0:juin 10, 2019 dans:Culture 0 Vues \u00abRevolver\u00bb, l\u2019un des groupes mythiques de pop-rock en Espagne, se produira mercredi prochain au th\u00e9\u00e2tre national Mohammed V \u00e0 Rabat, une occasion de retrouver le public marocain, sept ans apr\u00e8s sa derni\u00e8re tourn\u00e9e dans le Royaume. L\u2019\u00e9v\u00e9nement comptera avec la participation des musiciens marocains, Noureddine Ennajraoui [&hellip;]<\/p>\n","protected":false},"author":1759,"featured_media":0,"comment_status":"closed","ping_status":"closed","sticky":false,"template":"","format":"standard","meta":{"fifu_image_url":"","fifu_image_alt":"","footnotes":""},"categories":[73,54],"tags":[],"class_list":["post-39812","post","type-post","status-publish","format-standard","hentry","category-actualite","category-maroc"],"_links":{"self":[{"href":"https:\/\/linitiative.ca\/International\/wp-json\/wp\/v2\/posts\/39812","targetHints":{"allow":["GET"]}}],"collection":[{"href":"https:\/\/linitiative.ca\/International\/wp-json\/wp\/v2\/posts"}],"about":[{"href":"https:\/\/linitiative.ca\/International\/wp-json\/wp\/v2\/types\/post"}],"author":[{"embeddable":true,"href":"https:\/\/linitiative.ca\/International\/wp-json\/wp\/v2\/users\/1759"}],"replies":[{"embeddable":true,"href":"https:\/\/linitiative.ca\/International\/wp-json\/wp\/v2\/comments?post=39812"}],"version-history":[{"count":0,"href":"https:\/\/linitiative.ca\/International\/wp-json\/wp\/v2\/posts\/39812\/revisions"}],"wp:attachment":[{"href":"https:\/\/linitiative.ca\/International\/wp-json\/wp\/v2\/media?parent=39812"}],"wp:term":[{"taxonomy":"category","embeddable":true,"href":"https:\/\/linitiative.ca\/International\/wp-json\/wp\/v2\/categories?post=39812"},{"taxonomy":"post_tag","embeddable":true,"href":"https:\/\/linitiative.ca\/International\/wp-json\/wp\/v2\/tags?post=39812"}],"curies":[{"name":"wp","href":"https:\/\/api.w.org\/{rel}","templated":true}]}}