{"id":39813,"date":"2019-06-10T05:23:50","date_gmt":"2019-06-10T09:23:50","guid":{"rendered":"https:\/\/linitiative.ca\/International\/baccalaureat-2019-numero-vert-a-la-disposition-des-candidats\/"},"modified":"2019-06-10T05:23:50","modified_gmt":"2019-06-10T09:23:50","slug":"baccalaureat-2019-numero-vert-a-la-disposition-des-candidats","status":"publish","type":"post","link":"https:\/\/linitiative.ca\/International\/baccalaureat-2019-numero-vert-a-la-disposition-des-candidats\/","title":{"rendered":"Baccalaur\u00e9at 2019 : Num\u00e9ro vert \u00e0 la disposition des candidats"},"content":{"rendered":"<p>L\u2019Organisation Tunisienne pour l\u2019Education et la Famille mettra \u00e0 la disposition des candidats au baccalaur\u00e9at, les 10 et 11 juin courant (lundi et mardi prochains), un num\u00e9ro vert pour leur permettant de joindre des professeurs sp\u00e9cialis\u00e9s qui apporteront des r\u00e9ponses \u00e0 leurs questions et leur fourniront des \u00e9claircissements sur les mati\u00e8res scolaires enseign\u00e9s, dans le cadre d\u2019une manifestation baptis\u00e9e \u00ab Allo Baccalaur\u00e9at 2019 \u00bb.<\/p>\n<p>Les \u00e9l\u00e8ves du baccalaur\u00e9at peuvent appeler le num\u00e9ro vert 80109968, lundi \u00e0 partir de 14h et mardi de 9h jusqu\u2019\u00e0 19h pour obtenir les informations souhait\u00e9es, selon un communiqu\u00e9 de l\u2019Organisation tunisienne pour l\u2019\u00e9ducation et la famille.<\/p>\n<p>Le minist\u00e8re de l\u2019Education a pr\u00e9c\u00e9demment lanc\u00e9 un site Web \u00e0 l\u2019adresse http:\/\/www.bacweb.tn, comportant tous les sujets d\u2019examens des deux sessions, principale et de contr\u00f4le du baccalaur\u00e9at 2018 ainsi que leurs corrections.<\/p>\n<p>La session principale du baccalaur\u00e9at 2019 se d\u00e9roule du mercredi 12 juin jusqu\u2019au mercredi 19 juin 2019. La session de contr\u00f4le d\u00e9butera le mardi 2 juillet et se poursuivra jusqu\u2019au 5 juillet 2019.<\/p>\n<p>Le nombre des candidats au bac s\u2019\u00e9l\u00e8ve, cette ann\u00e9e, \u00e0 126 000 \u00e9l\u00e8ves dont plus de 18 000 provenant de lyc\u00e9es priv\u00e9s.<\/p>\n<p class=\"dpsp-share-text\">Partager c&rsquo;est aimer!<\/p>\n<div class=\"wp-post-author-wrap wp-post-author-shortcode left\">\n<h3 class=\"awpa-title\"\/>\n<div class=\"wp-post-author\">\n<div class=\"awpa-img awpa-author-block square\"><a href=\"http:\/\/lexpertjournal.net\/fr\/author\/expert\/\"><img loading=\"lazy\" decoding=\"async\" alt=\"\" src=\"http:\/\/2.gravatar.com\/avatar\/56d99be2a6f97af88ccb49fada637fcd?s=150&#038;d=mm&#038;r=g\" srcset=\"http:\/\/2.gravatar.com\/avatar\/56d99be2a6f97af88ccb49fada637fcd?s=300&#038;d=mm&#038;r=g 2x\" class=\"avatar avatar-150 photo\" height=\"150\" width=\"150\"\/><\/a><\/div>\n<\/div>\n<\/div>\n<p>Auteur: L&rsquo;expert<br \/>\n<a href=\"http:\/\/lexpertjournal.net\/fr\/2019\/06\/10\/baccalaureat-2019-numero-vert-a-la-disposition-des-candidats\/\">Cliquez ici pour lire l&rsquo;article depuis sa source.<\/a><\/p>\n","protected":false},"excerpt":{"rendered":"<p>L\u2019Organisation Tunisienne pour l\u2019Education et la Famille mettra \u00e0 la disposition des candidats au baccalaur\u00e9at, les 10 et 11 juin courant (lundi et mardi prochains), un num\u00e9ro vert pour leur permettant de joindre des professeurs sp\u00e9cialis\u00e9s qui apporteront des r\u00e9ponses \u00e0 leurs questions et leur fourniront des \u00e9claircissements sur les mati\u00e8res scolaires enseign\u00e9s, dans le [&hellip;]<\/p>\n","protected":false},"author":1775,"featured_media":0,"comment_status":"closed","ping_status":"closed","sticky":false,"template":"","format":"standard","meta":{"fifu_image_url":"","fifu_image_alt":"","footnotes":""},"categories":[78,55],"tags":[],"class_list":["post-39813","post","type-post","status-publish","format-standard","hentry","category-economie","category-tunisie"],"_links":{"self":[{"href":"https:\/\/linitiative.ca\/International\/wp-json\/wp\/v2\/posts\/39813","targetHints":{"allow":["GET"]}}],"collection":[{"href":"https:\/\/linitiative.ca\/International\/wp-json\/wp\/v2\/posts"}],"about":[{"href":"https:\/\/linitiative.ca\/International\/wp-json\/wp\/v2\/types\/post"}],"author":[{"embeddable":true,"href":"https:\/\/linitiative.ca\/International\/wp-json\/wp\/v2\/users\/1775"}],"replies":[{"embeddable":true,"href":"https:\/\/linitiative.ca\/International\/wp-json\/wp\/v2\/comments?post=39813"}],"version-history":[{"count":0,"href":"https:\/\/linitiative.ca\/International\/wp-json\/wp\/v2\/posts\/39813\/revisions"}],"wp:attachment":[{"href":"https:\/\/linitiative.ca\/International\/wp-json\/wp\/v2\/media?parent=39813"}],"wp:term":[{"taxonomy":"category","embeddable":true,"href":"https:\/\/linitiative.ca\/International\/wp-json\/wp\/v2\/categories?post=39813"},{"taxonomy":"post_tag","embeddable":true,"href":"https:\/\/linitiative.ca\/International\/wp-json\/wp\/v2\/tags?post=39813"}],"curies":[{"name":"wp","href":"https:\/\/api.w.org\/{rel}","templated":true}]}}