{"id":39816,"date":"2019-06-10T07:00:26","date_gmt":"2019-06-10T11:00:26","guid":{"rendered":"https:\/\/linitiative.ca\/International\/tunisie-le-ministre-de-lagriculture-promet-le-dedommagement-des-agriculteurs-affectes-par-les-incendies\/"},"modified":"2019-06-10T07:00:26","modified_gmt":"2019-06-10T11:00:26","slug":"tunisie-le-ministre-de-lagriculture-promet-le-dedommagement-des-agriculteurs-affectes-par-les-incendies","status":"publish","type":"post","link":"https:\/\/linitiative.ca\/International\/tunisie-le-ministre-de-lagriculture-promet-le-dedommagement-des-agriculteurs-affectes-par-les-incendies\/","title":{"rendered":"Tunisie: Le ministre de l\u2019Agriculture promet le d\u00e9dommagement des agriculteurs affect\u00e9s par les incendies"},"content":{"rendered":"<div class=\"post-cont-in left relative\">\n<div class=\"swp_social_panel swp_horizontal_panel swp_flat_fresh swp_default_full_color swp_individual_full_color swp_other_full_color scale-100 scale-\" data-min-width=\"1100\" data-float-color=\"#ffffff\" data-float=\"none\" data-float-mobile=\"none\" data-transition=\"slide\">\n<div class=\"nc_tweetContainer swp_share_button total_shares total_sharesalt\"><span class=\"swp_count\">50 <span class=\"swp_label\">Partages<\/span><\/span><\/div>\n<\/div>\n<p>Le ministre de l\u2019Agriculture, des Ressources hydrauliques et de la p\u00eache, Samir Taieb a d\u00e9clar\u00e9 lundi, que les agriculteurs touch\u00e9s par les incendies qui ont d\u00e9truit de nombreux hectares de terres agricoles seront d\u00e9dommag\u00e9s.<\/p>\n<p>Il a soulign\u00e9 que toutes les pertes\u00a0caus\u00e9es aux agriculteurs par le feu seront indemnis\u00e9es, assurant que l\u2019\u00c9tat interviendra.<\/p>\n<div class=\"code-block code-block-1 c3\"><ins class=\"adsbygoogle c2\" data-ad-layout=\"in-article\" data-ad-format=\"fluid\" data-ad-client=\"ca-pub-2102118777505746\" data-ad-slot=\"7301775417\"\/> <\/div>\n<p>Taieb a d\u00e9clar\u00e9 que les services des repr\u00e9sentants r\u00e9gionaux de l\u2019agriculture se d\u00e9placeront sur place et inspecteront les dommages caus\u00e9s par les incendies, ajoutant que l\u2019affaire sera renvoy\u00e9e devant un cabinet apr\u00e8s l\u2019\u00e9valuation des dommages pour d\u00e9terminer les taux d\u2019indemnisation.<\/p>\n<p>Il a \u00e9voqu\u00e9 aussi l\u2019utilisation de drones pour surveiller de grands domaines agricoles.<\/p>\n<div class=\"mvp-org-wrap mvp-org-logo\" itemprop=\"publisher\" itemscope=\"\" itemtype=\"https:\/\/schema.org\/Organization\"><img decoding=\"async\" src=\"https:\/\/www.tunisienumerique.com\/wp-content\/uploads\/2017\/02\/logo_tunisie_numerique.png\"\/><\/div>\n<div class=\"swp_social_panel swp_horizontal_panel swp_flat_fresh swp_default_full_color swp_individual_full_color swp_other_full_color scale-100 scale-\" data-min-width=\"1100\" data-float-color=\"#ffffff\" data-float=\"none\" data-float-mobile=\"none\" data-transition=\"slide\">\n<div class=\"nc_tweetContainer swp_share_button total_shares total_sharesalt\"><span class=\"swp_count\">50 <span class=\"swp_label\">Partages<\/span><\/span><\/div>\n<\/div>\n<div class=\"mvp-related-posts left relative\">\n<h4 class=\"post-header\"><span class=\"post-header\">Lire aussi<\/span><\/h4>\n<\/div>\n<\/div>\n<p>Auteur: Mourad S<br \/>\n<a href=\"https:\/\/www.tunisienumerique.com\/tunisie-le-ministre-de-lagriculture-promet-le-dedommagement-des-agriculteurs-affectes-par-les-incendies\/\">Cliquez ici pour lire l&rsquo;article depuis sa source.<\/a><\/p>\n","protected":false},"excerpt":{"rendered":"<p>50 Partages Le ministre de l\u2019Agriculture, des Ressources hydrauliques et de la p\u00eache, Samir Taieb a d\u00e9clar\u00e9 lundi, que les agriculteurs touch\u00e9s par les incendies qui ont d\u00e9truit de nombreux hectares de terres agricoles seront d\u00e9dommag\u00e9s. Il a soulign\u00e9 que toutes les pertes\u00a0caus\u00e9es aux agriculteurs par le feu seront indemnis\u00e9es, assurant que l\u2019\u00c9tat interviendra. Taieb [&hellip;]<\/p>\n","protected":false},"author":1789,"featured_media":39817,"comment_status":"closed","ping_status":"closed","sticky":false,"template":"","format":"standard","meta":{"fifu_image_url":"","fifu_image_alt":"","footnotes":""},"categories":[73,55],"tags":[],"class_list":["post-39816","post","type-post","status-publish","format-standard","has-post-thumbnail","hentry","category-actualite","category-tunisie"],"_links":{"self":[{"href":"https:\/\/linitiative.ca\/International\/wp-json\/wp\/v2\/posts\/39816","targetHints":{"allow":["GET"]}}],"collection":[{"href":"https:\/\/linitiative.ca\/International\/wp-json\/wp\/v2\/posts"}],"about":[{"href":"https:\/\/linitiative.ca\/International\/wp-json\/wp\/v2\/types\/post"}],"author":[{"embeddable":true,"href":"https:\/\/linitiative.ca\/International\/wp-json\/wp\/v2\/users\/1789"}],"replies":[{"embeddable":true,"href":"https:\/\/linitiative.ca\/International\/wp-json\/wp\/v2\/comments?post=39816"}],"version-history":[{"count":0,"href":"https:\/\/linitiative.ca\/International\/wp-json\/wp\/v2\/posts\/39816\/revisions"}],"wp:featuredmedia":[{"embeddable":true,"href":"https:\/\/linitiative.ca\/International\/wp-json\/"}],"wp:attachment":[{"href":"https:\/\/linitiative.ca\/International\/wp-json\/wp\/v2\/media?parent=39816"}],"wp:term":[{"taxonomy":"category","embeddable":true,"href":"https:\/\/linitiative.ca\/International\/wp-json\/wp\/v2\/categories?post=39816"},{"taxonomy":"post_tag","embeddable":true,"href":"https:\/\/linitiative.ca\/International\/wp-json\/wp\/v2\/tags?post=39816"}],"curies":[{"name":"wp","href":"https:\/\/api.w.org\/{rel}","templated":true}]}}